{"id":532840,"date":"2024-03-25T16:42:17","date_gmt":"2024-03-25T22:42:17","guid":{"rendered":"https:\/\/www.zunoticia.com\/noticias-de-hidalgo\/?p=532840"},"modified":"2024-03-25T16:42:20","modified_gmt":"2024-03-25T22:42:20","slug":"productores-destacan-buenos-precios-y-demanda-de-naranjas","status":"publish","type":"post","link":"https:\/\/www.zunoticia.com\/noticias-de-hidalgo\/2024\/03\/25\/productores-destacan-buenos-precios-y-demanda-de-naranjas\/","title":{"rendered":"Productores destacan buenos precios y demanda de naranjas"},"content":{"rendered":"<aside class=\"mashsb-container mashsb-main mashsb-stretched\"><div class=\"mashsb-box\"><div class=\"mashsb-count mash-large\" style=\"float:left\"><div class=\"counts mashsbcount\">18<\/div><span class=\"mashsb-sharetext\">SHARES<\/span><\/div><div class=\"mashsb-buttons\"><a class=\"mashicon-facebook mash-large mash-center mashsb-noshadow\" href=\"https:\/\/www.facebook.com\/sharer.php?u=https%3A%2F%2Fwww.zunoticia.com%2Fnoticias-de-hidalgo%2F2024%2F03%2F25%2Fproductores-destacan-buenos-precios-y-demanda-de-naranjas%2F\" target=\"_top\" rel=\"nofollow\"><span class=\"icon\"><\/span><span class=\"text\">Share<\/span><\/a><a class=\"mashicon-twitter mash-large mash-center mashsb-noshadow\" href=\"https:\/\/twitter.com\/intent\/tweet?text=&amp;url=https:\/\/www.zunoticia.com\/noticias-de-hidalgo\/2024\/03\/25\/productores-destacan-buenos-precios-y-demanda-de-naranjas\/\" target=\"_top\" rel=\"nofollow\"><span class=\"icon\"><\/span><span class=\"text\">Tweet<\/span><\/a><div class=\"onoffswitch2 mash-large mashsb-noshadow\" style=\"display:none\"><\/div><\/div>\n            <\/div>\n                <div style=\"clear:both\"><\/div><div class=\"mashsb-toggle-container\"><\/div><\/aside>\n            <!-- Share buttons by mashshare.net - Version: 4.0.47-->\n<p><em>Por Gabriela Hern\u00e1ndez\/Zunoticia<\/em><\/p>\n\n\n\n<p><strong>San Felipe Orizatl\u00e1n, Hgo.-<\/strong>Durante esta temporada la producci\u00f3n de naranjas se ha visto fortificada por ser la m\u00e1s requerida por la poblaci\u00f3n, manteniendo el costo para el consumidor.<\/p>\n\n\n\n<p>Varias personas adquieren dicha fruta que se vende a distinto precio de acuerdo con el tama\u00f1o, productores de este c\u00edtrico mencionan que, el negocio de esta fruta ha cubierto sus expectativas, ya que han generado una buena rentabilidad al producirla y comercializarla.<\/p>\n\n\n\n<p>Productores calculan que, hasta el mes de mayo, se tendr\u00e1 naranja dulce a buen precio, agregan que, en esta temporada de calor que se aproxima el consumir este producto es una buena defensa para las bajas temperaturas y esperan aumentar su margen de ganancia.<\/p>\n\n\n\n<figure class=\"wp-block-image size-full\"><img fetchpriority=\"high\" decoding=\"async\" width=\"933\" height=\"524\" src=\"https:\/\/www.zunoticia.com\/noticias-de-hidalgo\/wp-content\/uploads\/2024\/03\/Zunoticia-Huejutla-1-192.png\" alt=\"\" class=\"wp-image-532842\"\/><\/figure>\n","protected":false},"excerpt":{"rendered":"<p>Por Gabriela Hern\u00e1ndez\/Zunoticia San Felipe Orizatl\u00e1n, Hgo.-Durante esta temporada la producci\u00f3n de naranjas se ha visto fortificada por ser la m\u00e1s requerida por la poblaci\u00f3n, manteniendo el costo para el consumidor. Varias personas adquieren dicha fruta que se vende a distinto precio de acuerdo con el tama\u00f1o, productores de este c\u00edtrico mencionan que, el negocio&hellip; <a class=\"more-link\" href=\"https:\/\/www.zunoticia.com\/noticias-de-hidalgo\/2024\/03\/25\/productores-destacan-buenos-precios-y-demanda-de-naranjas\/\">Seguir leyendo <span class=\"screen-reader-text\">Productores destacan buenos precios y demanda de naranjas<\/span><\/a><\/p>\n","protected":false},"author":20,"featured_media":532841,"comment_status":"open","ping_status":"open","sticky":false,"template":"","format":"standard","meta":{"rop_custom_images_group":[],"rop_custom_messages_group":[],"rop_publish_now":"initial","rop_publish_now_accounts":{"facebook_10159540855086992_322828327761733":""},"rop_publish_now_history":[],"rop_publish_now_status":"pending","footnotes":""},"categories":[179,180],"tags":[229,129],"class_list":["post-532840","post","type-post","status-publish","format-standard","has-post-thumbnail","hentry","category-huasteca","category-orizatlan","tag-huasteca","tag-orizatlan","entry"],"_links":{"self":[{"href":"https:\/\/www.zunoticia.com\/noticias-de-hidalgo\/wp-json\/wp\/v2\/posts\/532840","targetHints":{"allow":["GET"]}}],"collection":[{"href":"https:\/\/www.zunoticia.com\/noticias-de-hidalgo\/wp-json\/wp\/v2\/posts"}],"about":[{"href":"https:\/\/www.zunoticia.com\/noticias-de-hidalgo\/wp-json\/wp\/v2\/types\/post"}],"author":[{"embeddable":true,"href":"https:\/\/www.zunoticia.com\/noticias-de-hidalgo\/wp-json\/wp\/v2\/users\/20"}],"replies":[{"embeddable":true,"href":"https:\/\/www.zunoticia.com\/noticias-de-hidalgo\/wp-json\/wp\/v2\/comments?post=532840"}],"version-history":[{"count":1,"href":"https:\/\/www.zunoticia.com\/noticias-de-hidalgo\/wp-json\/wp\/v2\/posts\/532840\/revisions"}],"predecessor-version":[{"id":532843,"href":"https:\/\/www.zunoticia.com\/noticias-de-hidalgo\/wp-json\/wp\/v2\/posts\/532840\/revisions\/532843"}],"wp:featuredmedia":[{"embeddable":true,"href":"https:\/\/www.zunoticia.com\/noticias-de-hidalgo\/wp-json\/wp\/v2\/media\/532841"}],"wp:attachment":[{"href":"https:\/\/www.zunoticia.com\/noticias-de-hidalgo\/wp-json\/wp\/v2\/media?parent=532840"}],"wp:term":[{"taxonomy":"category","embeddable":true,"href":"https:\/\/www.zunoticia.com\/noticias-de-hidalgo\/wp-json\/wp\/v2\/categories?post=532840"},{"taxonomy":"post_tag","embeddable":true,"href":"https:\/\/www.zunoticia.com\/noticias-de-hidalgo\/wp-json\/wp\/v2\/tags?post=532840"}],"curies":[{"name":"wp","href":"https:\/\/api.w.org\/{rel}","templated":true}]}}