{"id":532890,"date":"2024-03-25T18:05:49","date_gmt":"2024-03-26T00:05:49","guid":{"rendered":"https:\/\/www.zunoticia.com\/noticias-de-hidalgo\/?p=532890"},"modified":"2024-03-25T18:05:52","modified_gmt":"2024-03-26T00:05:52","slug":"por-el-dia-mundial-contra-la-tuberculosis-capacitan-a-personal-del-hospital-integral","status":"publish","type":"post","link":"https:\/\/www.zunoticia.com\/noticias-de-hidalgo\/2024\/03\/25\/por-el-dia-mundial-contra-la-tuberculosis-capacitan-a-personal-del-hospital-integral\/","title":{"rendered":"Por el D\u00eda Mundial contra la Tuberculosis capacitan a personal del Hospital Integral"},"content":{"rendered":"<aside class=\"mashsb-container mashsb-main mashsb-stretched\"><div class=\"mashsb-box\"><div class=\"mashsb-count mash-large\" style=\"float:left\"><div class=\"counts mashsbcount\">2<\/div><span class=\"mashsb-sharetext\">SHARES<\/span><\/div><div class=\"mashsb-buttons\"><a class=\"mashicon-facebook mash-large mash-center mashsb-noshadow\" href=\"https:\/\/www.facebook.com\/sharer.php?u=https%3A%2F%2Fwww.zunoticia.com%2Fnoticias-de-hidalgo%2F2024%2F03%2F25%2Fpor-el-dia-mundial-contra-la-tuberculosis-capacitan-a-personal-del-hospital-integral%2F\" target=\"_top\" rel=\"nofollow\"><span class=\"icon\"><\/span><span class=\"text\">Share<\/span><\/a><a class=\"mashicon-twitter mash-large mash-center mashsb-noshadow\" href=\"https:\/\/twitter.com\/intent\/tweet?text=&amp;url=https:\/\/www.zunoticia.com\/noticias-de-hidalgo\/2024\/03\/25\/por-el-dia-mundial-contra-la-tuberculosis-capacitan-a-personal-del-hospital-integral\/\" target=\"_top\" rel=\"nofollow\"><span class=\"icon\"><\/span><span class=\"text\">Tweet<\/span><\/a><div class=\"onoffswitch2 mash-large mashsb-noshadow\" style=\"display:none\"><\/div><\/div>\n            <\/div>\n                <div style=\"clear:both\"><\/div><div class=\"mashsb-toggle-container\"><\/div><\/aside>\n            <!-- Share buttons by mashshare.net - Version: 4.0.47-->\n<p><em>Por Karen Rivera\/ Zunoticia<\/em><\/p>\n\n\n\n<p><strong>Atlapexco, Hgo.-<\/strong> El pasado 24 de marzo, se llev\u00f3 a cabo la celebraci\u00f3n del D\u00eda Mundial contra la Tuberculosis, por tal motivo, este lunes en las instalaciones del Hospital Integral, se realiz\u00f3 una capacitaci\u00f3n al personal de salud.<\/p>\n\n\n\n<p>Al respecto la Doctora Samantha Alatorre, directora del nosocomio, el Enfermero Luis Fernando Hern\u00e1ndez Baltazar, el jefe de Ense\u00f1anza del Hospital Integral, as\u00ed como personal m\u00e9dico y de enfermer\u00eda del centro hospitalario, indicaron que en la capacitaci\u00f3n se habl\u00f3 sobre los trabajos para intensificar los esfuerzos y acabar con esta epidemia mundial.<\/p>\n\n\n\n<p>El Doctor Robert Koch fue quien descubri\u00f3 la bacteria que causa la tuberculosis y fue en 1882, cuando se abri\u00f3 el camino hacia el diagn\u00f3stico y la cura de esta enfermedad.<\/p>\n\n\n\n<p>La tuberculosis contin\u00faa siendo una de las enfermedades m\u00e1s infecciosas y mortales en el mundo, m\u00e1s de 4000 personas pierden la vida y cerca de 30 mil padecen de esta enfermedad.<\/p>\n\n\n\n<p>Cabe resaltar que, ante el reciente descubrimiento del coronavirus y en el contexto de la pandemia de COVID-19, ha puesto en riesgo el progreso de la estrategia fin de la tuberculosis y para garantizar el acceso equitativo a la prevenci\u00f3n y la atenci\u00f3n en l\u00ednea, con la Organizaci\u00f3n Mundial de la Salud (OMS) para lograr cobertura Sanitaria Universal.<\/p>\n\n\n\n<figure class=\"wp-block-image size-full\"><img fetchpriority=\"high\" decoding=\"async\" width=\"933\" height=\"524\" src=\"https:\/\/www.zunoticia.com\/noticias-de-hidalgo\/wp-content\/uploads\/2024\/03\/Zunoticia-Huejutla-1-199.png\" alt=\"\" class=\"wp-image-532892\"\/><\/figure>\n","protected":false},"excerpt":{"rendered":"<p>Por Karen Rivera\/ Zunoticia Atlapexco, Hgo.- El pasado 24 de marzo, se llev\u00f3 a cabo la celebraci\u00f3n del D\u00eda Mundial contra la Tuberculosis, por tal motivo, este lunes en las instalaciones del Hospital Integral, se realiz\u00f3 una capacitaci\u00f3n al personal de salud. Al respecto la Doctora Samantha Alatorre, directora del nosocomio, el Enfermero Luis Fernando&hellip; <a class=\"more-link\" href=\"https:\/\/www.zunoticia.com\/noticias-de-hidalgo\/2024\/03\/25\/por-el-dia-mundial-contra-la-tuberculosis-capacitan-a-personal-del-hospital-integral\/\">Seguir leyendo <span class=\"screen-reader-text\">Por el D\u00eda Mundial contra la Tuberculosis capacitan a personal del Hospital Integral<\/span><\/a><\/p>\n","protected":false},"author":20,"featured_media":532891,"comment_status":"open","ping_status":"open","sticky":false,"template":"","format":"standard","meta":{"rop_custom_images_group":[],"rop_custom_messages_group":[],"rop_publish_now":"initial","rop_publish_now_accounts":{"facebook_10159540855086992_322828327761733":""},"rop_publish_now_history":[],"rop_publish_now_status":"pending","footnotes":""},"categories":[182,179],"tags":[133,229],"class_list":["post-532890","post","type-post","status-publish","format-standard","has-post-thumbnail","hentry","category-atlapexco","category-huasteca","tag-atlapexco","tag-huasteca","entry"],"_links":{"self":[{"href":"https:\/\/www.zunoticia.com\/noticias-de-hidalgo\/wp-json\/wp\/v2\/posts\/532890","targetHints":{"allow":["GET"]}}],"collection":[{"href":"https:\/\/www.zunoticia.com\/noticias-de-hidalgo\/wp-json\/wp\/v2\/posts"}],"about":[{"href":"https:\/\/www.zunoticia.com\/noticias-de-hidalgo\/wp-json\/wp\/v2\/types\/post"}],"author":[{"embeddable":true,"href":"https:\/\/www.zunoticia.com\/noticias-de-hidalgo\/wp-json\/wp\/v2\/users\/20"}],"replies":[{"embeddable":true,"href":"https:\/\/www.zunoticia.com\/noticias-de-hidalgo\/wp-json\/wp\/v2\/comments?post=532890"}],"version-history":[{"count":1,"href":"https:\/\/www.zunoticia.com\/noticias-de-hidalgo\/wp-json\/wp\/v2\/posts\/532890\/revisions"}],"predecessor-version":[{"id":532893,"href":"https:\/\/www.zunoticia.com\/noticias-de-hidalgo\/wp-json\/wp\/v2\/posts\/532890\/revisions\/532893"}],"wp:featuredmedia":[{"embeddable":true,"href":"https:\/\/www.zunoticia.com\/noticias-de-hidalgo\/wp-json\/wp\/v2\/media\/532891"}],"wp:attachment":[{"href":"https:\/\/www.zunoticia.com\/noticias-de-hidalgo\/wp-json\/wp\/v2\/media?parent=532890"}],"wp:term":[{"taxonomy":"category","embeddable":true,"href":"https:\/\/www.zunoticia.com\/noticias-de-hidalgo\/wp-json\/wp\/v2\/categories?post=532890"},{"taxonomy":"post_tag","embeddable":true,"href":"https:\/\/www.zunoticia.com\/noticias-de-hidalgo\/wp-json\/wp\/v2\/tags?post=532890"}],"curies":[{"name":"wp","href":"https:\/\/api.w.org\/{rel}","templated":true}]}}