{"id":532906,"date":"2024-03-25T18:58:52","date_gmt":"2024-03-26T00:58:52","guid":{"rendered":"https:\/\/www.zunoticia.com\/noticias-de-hidalgo\/?p=532906"},"modified":"2024-03-25T18:58:55","modified_gmt":"2024-03-26T00:58:55","slug":"denunciado-por-danos-a-la-propiedad","status":"publish","type":"post","link":"https:\/\/www.zunoticia.com\/noticias-de-hidalgo\/2024\/03\/25\/denunciado-por-danos-a-la-propiedad\/","title":{"rendered":"Denunciado por da\u00f1os a la propiedad"},"content":{"rendered":"<aside class=\"mashsb-container mashsb-main mashsb-stretched\"><div class=\"mashsb-box\"><div class=\"mashsb-count mash-large\" style=\"float:left\"><div class=\"counts mashsbcount\">16<\/div><span class=\"mashsb-sharetext\">SHARES<\/span><\/div><div class=\"mashsb-buttons\"><a class=\"mashicon-facebook mash-large mash-center mashsb-noshadow\" href=\"https:\/\/www.facebook.com\/sharer.php?u=https%3A%2F%2Fwww.zunoticia.com%2Fnoticias-de-hidalgo%2F2024%2F03%2F25%2Fdenunciado-por-danos-a-la-propiedad%2F\" target=\"_top\" rel=\"nofollow\"><span class=\"icon\"><\/span><span class=\"text\">Share<\/span><\/a><a class=\"mashicon-twitter mash-large mash-center mashsb-noshadow\" href=\"https:\/\/twitter.com\/intent\/tweet?text=&amp;url=https:\/\/www.zunoticia.com\/noticias-de-hidalgo\/2024\/03\/25\/denunciado-por-danos-a-la-propiedad\/\" target=\"_top\" rel=\"nofollow\"><span class=\"icon\"><\/span><span class=\"text\">Tweet<\/span><\/a><div class=\"onoffswitch2 mash-large mashsb-noshadow\" style=\"display:none\"><\/div><\/div>\n            <\/div>\n                <div style=\"clear:both\"><\/div><div class=\"mashsb-toggle-container\"><\/div><\/aside>\n            <!-- Share buttons by mashshare.net - Version: 4.0.47-->\n<p><em>Por Roberto Meza\/Zunoticia<\/em><\/p>\n\n\n\n<p><strong>Huejutla, Hgo.<\/strong> &#8211; Una persona del g\u00e9nero masculino fue denunciada ante la Agencia del Ministerio P\u00fablico del Fuero Com\u00fan de esta ciudad, por da\u00f1os a la propiedad ajena, para que pague lo que ocasion\u00f3, ya que ya han pasados varios meses y se niega solventar.<\/p>\n\n\n\n<p>La parte agraviada F. N.N., al declarar ante esta representaci\u00f3n se\u00f1al\u00f3 que, O. N.N. impact\u00f3 su motocicleta que estaba estacionada en frente de su casa, en la colonia Coco Chico, con su camioneta y en su momento qued\u00f3 que iba a pagarle los da\u00f1os, por lo que solo se levant\u00f3 un acta ante Tr\u00e1nsito Municipal.<\/p>\n\n\n\n<p>Pero de ese incidente ya pas\u00f3 al menos medio a\u00f1o y el culpable de los da\u00f1os a la propiedad privada ya no le quiere responder por los da\u00f1os, por eso acudi\u00f3 ante las autoridades ministeriales para que le hagan justicia; el caso fue turnado ante justicia restaurativa para que nuevamente lleguen a un acuerdo, en caso contrario este hecho se habr\u00e1 de judicializar.<\/p>\n\n\n\n<p><\/p>\n","protected":false},"excerpt":{"rendered":"<p>Por Roberto Meza\/Zunoticia Huejutla, Hgo. &#8211; Una persona del g\u00e9nero masculino fue denunciada ante la Agencia del Ministerio P\u00fablico del Fuero Com\u00fan de esta ciudad, por da\u00f1os a la propiedad ajena, para que pague lo que ocasion\u00f3, ya que ya han pasados varios meses y se niega solventar. La parte agraviada F. N.N., al declarar&hellip; <a class=\"more-link\" href=\"https:\/\/www.zunoticia.com\/noticias-de-hidalgo\/2024\/03\/25\/denunciado-por-danos-a-la-propiedad\/\">Seguir leyendo <span class=\"screen-reader-text\">Denunciado por da\u00f1os a la propiedad<\/span><\/a><\/p>\n","protected":false},"author":20,"featured_media":532907,"comment_status":"open","ping_status":"open","sticky":false,"template":"","format":"standard","meta":{"rop_custom_images_group":[],"rop_custom_messages_group":[],"rop_publish_now":"initial","rop_publish_now_accounts":{"facebook_10159540855086992_322828327761733":""},"rop_publish_now_history":[],"rop_publish_now_status":"pending","footnotes":""},"categories":[181],"tags":[121],"class_list":["post-532906","post","type-post","status-publish","format-standard","has-post-thumbnail","hentry","category-huejutla","tag-huejutla","entry"],"_links":{"self":[{"href":"https:\/\/www.zunoticia.com\/noticias-de-hidalgo\/wp-json\/wp\/v2\/posts\/532906","targetHints":{"allow":["GET"]}}],"collection":[{"href":"https:\/\/www.zunoticia.com\/noticias-de-hidalgo\/wp-json\/wp\/v2\/posts"}],"about":[{"href":"https:\/\/www.zunoticia.com\/noticias-de-hidalgo\/wp-json\/wp\/v2\/types\/post"}],"author":[{"embeddable":true,"href":"https:\/\/www.zunoticia.com\/noticias-de-hidalgo\/wp-json\/wp\/v2\/users\/20"}],"replies":[{"embeddable":true,"href":"https:\/\/www.zunoticia.com\/noticias-de-hidalgo\/wp-json\/wp\/v2\/comments?post=532906"}],"version-history":[{"count":1,"href":"https:\/\/www.zunoticia.com\/noticias-de-hidalgo\/wp-json\/wp\/v2\/posts\/532906\/revisions"}],"predecessor-version":[{"id":532908,"href":"https:\/\/www.zunoticia.com\/noticias-de-hidalgo\/wp-json\/wp\/v2\/posts\/532906\/revisions\/532908"}],"wp:featuredmedia":[{"embeddable":true,"href":"https:\/\/www.zunoticia.com\/noticias-de-hidalgo\/wp-json\/wp\/v2\/media\/532907"}],"wp:attachment":[{"href":"https:\/\/www.zunoticia.com\/noticias-de-hidalgo\/wp-json\/wp\/v2\/media?parent=532906"}],"wp:term":[{"taxonomy":"category","embeddable":true,"href":"https:\/\/www.zunoticia.com\/noticias-de-hidalgo\/wp-json\/wp\/v2\/categories?post=532906"},{"taxonomy":"post_tag","embeddable":true,"href":"https:\/\/www.zunoticia.com\/noticias-de-hidalgo\/wp-json\/wp\/v2\/tags?post=532906"}],"curies":[{"name":"wp","href":"https:\/\/api.w.org\/{rel}","templated":true}]}}