{"id":533446,"date":"2024-03-30T15:16:08","date_gmt":"2024-03-30T21:16:08","guid":{"rendered":"https:\/\/www.zunoticia.com\/noticias-de-hidalgo\/?p=533446"},"modified":"2024-03-30T15:16:12","modified_gmt":"2024-03-30T21:16:12","slug":"bustos-de-generales-deberian-diseminarse-en-derredor-de-la-plaza-de-la-revolucion","status":"publish","type":"post","link":"https:\/\/www.zunoticia.com\/noticias-de-hidalgo\/2024\/03\/30\/bustos-de-generales-deberian-diseminarse-en-derredor-de-la-plaza-de-la-revolucion\/","title":{"rendered":"Bustos de generales deber\u00edan diseminarse en derredor de la plaza de la Revoluci\u00f3n"},"content":{"rendered":"<aside class=\"mashsb-container mashsb-main mashsb-stretched\"><div class=\"mashsb-box\"><div class=\"mashsb-count mash-large\" style=\"float:left\"><div class=\"counts mashsbcount\">12<\/div><span class=\"mashsb-sharetext\">SHARES<\/span><\/div><div class=\"mashsb-buttons\"><a class=\"mashicon-facebook mash-large mash-center mashsb-noshadow\" href=\"https:\/\/www.facebook.com\/sharer.php?u=https%3A%2F%2Fwww.zunoticia.com%2Fnoticias-de-hidalgo%2F2024%2F03%2F30%2Fbustos-de-generales-deberian-diseminarse-en-derredor-de-la-plaza-de-la-revolucion%2F\" target=\"_top\" rel=\"nofollow\"><span class=\"icon\"><\/span><span class=\"text\">Share<\/span><\/a><a class=\"mashicon-twitter mash-large mash-center mashsb-noshadow\" href=\"https:\/\/twitter.com\/intent\/tweet?text=&amp;url=https:\/\/www.zunoticia.com\/noticias-de-hidalgo\/2024\/03\/30\/bustos-de-generales-deberian-diseminarse-en-derredor-de-la-plaza-de-la-revolucion\/\" target=\"_top\" rel=\"nofollow\"><span class=\"icon\"><\/span><span class=\"text\">Tweet<\/span><\/a><div class=\"onoffswitch2 mash-large mashsb-noshadow\" style=\"display:none\"><\/div><\/div>\n            <\/div>\n                <div style=\"clear:both\"><\/div><div class=\"mashsb-toggle-container\"><\/div><\/aside>\n            <!-- Share buttons by mashshare.net - Version: 4.0.47-->\n<p><em>Por Salvador Altamirano\/Zunoticia<\/em><\/p>\n\n\n\n<p><strong>Huejutla, Hgo.-<\/strong>&nbsp; Residentes de la poblaci\u00f3n, opinaron que los bustos de los generales revolucionarios, ahora que se rehabilitar\u00e1 la plaza de la Revoluci\u00f3n Mexicana, deber\u00edan de ser reubicados, diseminados en derredor de la misma.<\/p>\n\n\n\n<p>Explicaron que lo anterior, ya que son alusivos a la causa de su nombre, &#8220;Revoluci\u00f3n&#8221;, los cuales tambi\u00e9n necesitan reparaci\u00f3n y hay algunos que su pedestal no exhibe identificaci\u00f3n, por lo que son de car\u00e1cter desconocido, no obstante, su importancia hist\u00f3rica.<\/p>\n\n\n\n<p>Asimismo, consideran que, los bustos lucir\u00edan m\u00e1s uno alejado de los otros y por ende, llamar\u00edan la atenci\u00f3n no solamente de visitantes, sino tambi\u00e9n de vecinos de comunidades, quienes observan las cabezas de los personajes pero ignoran qui\u00e9nes son y su trayectoria militar.<\/p>\n\n\n\n<p>Al respecto, el historiador y escritor local, Gildardo de la Cruz Morales, manifest\u00f3 en su momento que, es incongruente que los precitados bustos est\u00e9n pr\u00f3ximos a la torre del reloj p\u00fablico, la cual fue construida por mandato del General Porfirio D\u00edaz, a quien los generales coadyuvaron para derrocarlo.<\/p>\n\n\n\n<p>Para finalizar, subray\u00f3 que, el requerimiento ciudadano es l\u00f3gico, \u201cya que el agua y el aceite no se mezclan y ambos m\u00f3viles fueron contrarios, por lo que reubicando a los bustos se har\u00eda justicia hist\u00f3rica, y un reconocimiento tanto a uno como a otros\u201d.<\/p>\n\n\n\n<figure class=\"wp-block-image size-full\"><img fetchpriority=\"high\" decoding=\"async\" width=\"933\" height=\"524\" src=\"https:\/\/www.zunoticia.com\/noticias-de-hidalgo\/wp-content\/uploads\/2024\/03\/Zunoticia-Huejutla-1-243.png\" alt=\"\" class=\"wp-image-533448\"\/><\/figure>\n","protected":false},"excerpt":{"rendered":"<p>Por Salvador Altamirano\/Zunoticia Huejutla, Hgo.-&nbsp; Residentes de la poblaci\u00f3n, opinaron que los bustos de los generales revolucionarios, ahora que se rehabilitar\u00e1 la plaza de la Revoluci\u00f3n Mexicana, deber\u00edan de ser reubicados, diseminados en derredor de la misma. Explicaron que lo anterior, ya que son alusivos a la causa de su nombre, &#8220;Revoluci\u00f3n&#8221;, los cuales tambi\u00e9n&hellip; <a class=\"more-link\" href=\"https:\/\/www.zunoticia.com\/noticias-de-hidalgo\/2024\/03\/30\/bustos-de-generales-deberian-diseminarse-en-derredor-de-la-plaza-de-la-revolucion\/\">Seguir leyendo <span class=\"screen-reader-text\">Bustos de generales deber\u00edan diseminarse en derredor de la plaza de la Revoluci\u00f3n<\/span><\/a><\/p>\n","protected":false},"author":20,"featured_media":533447,"comment_status":"open","ping_status":"open","sticky":false,"template":"","format":"standard","meta":{"rop_custom_images_group":[],"rop_custom_messages_group":[],"rop_publish_now":"initial","rop_publish_now_accounts":{"facebook_10159540855086992_322828327761733":""},"rop_publish_now_history":[],"rop_publish_now_status":"pending","footnotes":""},"categories":[181],"tags":[121],"class_list":["post-533446","post","type-post","status-publish","format-standard","has-post-thumbnail","hentry","category-huejutla","tag-huejutla","entry"],"_links":{"self":[{"href":"https:\/\/www.zunoticia.com\/noticias-de-hidalgo\/wp-json\/wp\/v2\/posts\/533446","targetHints":{"allow":["GET"]}}],"collection":[{"href":"https:\/\/www.zunoticia.com\/noticias-de-hidalgo\/wp-json\/wp\/v2\/posts"}],"about":[{"href":"https:\/\/www.zunoticia.com\/noticias-de-hidalgo\/wp-json\/wp\/v2\/types\/post"}],"author":[{"embeddable":true,"href":"https:\/\/www.zunoticia.com\/noticias-de-hidalgo\/wp-json\/wp\/v2\/users\/20"}],"replies":[{"embeddable":true,"href":"https:\/\/www.zunoticia.com\/noticias-de-hidalgo\/wp-json\/wp\/v2\/comments?post=533446"}],"version-history":[{"count":1,"href":"https:\/\/www.zunoticia.com\/noticias-de-hidalgo\/wp-json\/wp\/v2\/posts\/533446\/revisions"}],"predecessor-version":[{"id":533449,"href":"https:\/\/www.zunoticia.com\/noticias-de-hidalgo\/wp-json\/wp\/v2\/posts\/533446\/revisions\/533449"}],"wp:featuredmedia":[{"embeddable":true,"href":"https:\/\/www.zunoticia.com\/noticias-de-hidalgo\/wp-json\/wp\/v2\/media\/533447"}],"wp:attachment":[{"href":"https:\/\/www.zunoticia.com\/noticias-de-hidalgo\/wp-json\/wp\/v2\/media?parent=533446"}],"wp:term":[{"taxonomy":"category","embeddable":true,"href":"https:\/\/www.zunoticia.com\/noticias-de-hidalgo\/wp-json\/wp\/v2\/categories?post=533446"},{"taxonomy":"post_tag","embeddable":true,"href":"https:\/\/www.zunoticia.com\/noticias-de-hidalgo\/wp-json\/wp\/v2\/tags?post=533446"}],"curies":[{"name":"wp","href":"https:\/\/api.w.org\/{rel}","templated":true}]}}