{"id":533459,"date":"2024-03-30T15:37:49","date_gmt":"2024-03-30T21:37:49","guid":{"rendered":"https:\/\/www.zunoticia.com\/noticias-de-hidalgo\/?p=533459"},"modified":"2024-03-30T15:37:52","modified_gmt":"2024-03-30T21:37:52","slug":"alta-de-manda-de-aguacate-por-semana-santa","status":"publish","type":"post","link":"https:\/\/www.zunoticia.com\/noticias-de-hidalgo\/2024\/03\/30\/alta-de-manda-de-aguacate-por-semana-santa\/","title":{"rendered":"Alta de manda de aguacate por Semana Santa"},"content":{"rendered":"<aside class=\"mashsb-container mashsb-main mashsb-stretched\"><div class=\"mashsb-box\"><div class=\"mashsb-count mash-large\" style=\"float:left\"><div class=\"counts mashsbcount\">27<\/div><span class=\"mashsb-sharetext\">SHARES<\/span><\/div><div class=\"mashsb-buttons\"><a class=\"mashicon-facebook mash-large mash-center mashsb-noshadow\" href=\"https:\/\/www.facebook.com\/sharer.php?u=https%3A%2F%2Fwww.zunoticia.com%2Fnoticias-de-hidalgo%2F2024%2F03%2F30%2Falta-de-manda-de-aguacate-por-semana-santa%2F\" target=\"_top\" rel=\"nofollow\"><span class=\"icon\"><\/span><span class=\"text\">Share<\/span><\/a><a class=\"mashicon-twitter mash-large mash-center mashsb-noshadow\" href=\"https:\/\/twitter.com\/intent\/tweet?text=&amp;url=https:\/\/www.zunoticia.com\/noticias-de-hidalgo\/2024\/03\/30\/alta-de-manda-de-aguacate-por-semana-santa\/\" target=\"_top\" rel=\"nofollow\"><span class=\"icon\"><\/span><span class=\"text\">Tweet<\/span><\/a><div class=\"onoffswitch2 mash-large mashsb-noshadow\" style=\"display:none\"><\/div><\/div>\n            <\/div>\n                <div style=\"clear:both\"><\/div><div class=\"mashsb-toggle-container\"><\/div><\/aside>\n            <!-- Share buttons by mashshare.net - Version: 4.0.47-->\n<p><em>Por Karen Rivera\/ Zunoticia<\/em><\/p>\n\n\n\n<p><strong>Atlapexco, Hgo.-<\/strong> Debido a las vacaciones de Semana Santa, los comerciantes dieron a conocer que hubo una alta demanda en la compra de aguacate.<\/p>\n\n\n\n<p>Oswaldo Flandez, inform\u00f3 que, se hab\u00eda previsto en meses anteriores que el precio del aguacate Hass incrementar\u00eda para esta Semana Santa, periodo en el cual sube la demanda del mismo, cuando hubo un incremento del 50%.<\/p>\n\n\n\n<p>Dijo que, el kilo se expendi\u00f3 entre los $60.00 y $70.00 pesos.<\/p>\n\n\n\n<p>El vendedor temporal indic\u00f3 que, a pesar del costo, dieron precios accesibles al p\u00fablico.<\/p>\n\n\n\n<p><\/p>\n","protected":false},"excerpt":{"rendered":"<p>Por Karen Rivera\/ Zunoticia Atlapexco, Hgo.- Debido a las vacaciones de Semana Santa, los comerciantes dieron a conocer que hubo una alta demanda en la compra de aguacate. Oswaldo Flandez, inform\u00f3 que, se hab\u00eda previsto en meses anteriores que el precio del aguacate Hass incrementar\u00eda para esta Semana Santa, periodo en el cual sube la&hellip; <a class=\"more-link\" href=\"https:\/\/www.zunoticia.com\/noticias-de-hidalgo\/2024\/03\/30\/alta-de-manda-de-aguacate-por-semana-santa\/\">Seguir leyendo <span class=\"screen-reader-text\">Alta de manda de aguacate por Semana Santa<\/span><\/a><\/p>\n","protected":false},"author":20,"featured_media":533460,"comment_status":"open","ping_status":"open","sticky":false,"template":"","format":"standard","meta":{"rop_custom_images_group":[],"rop_custom_messages_group":[],"rop_publish_now":"initial","rop_publish_now_accounts":{"facebook_10159540855086992_322828327761733":""},"rop_publish_now_history":[],"rop_publish_now_status":"pending","footnotes":""},"categories":[182,179],"tags":[133,229],"class_list":["post-533459","post","type-post","status-publish","format-standard","has-post-thumbnail","hentry","category-atlapexco","category-huasteca","tag-atlapexco","tag-huasteca","entry"],"_links":{"self":[{"href":"https:\/\/www.zunoticia.com\/noticias-de-hidalgo\/wp-json\/wp\/v2\/posts\/533459","targetHints":{"allow":["GET"]}}],"collection":[{"href":"https:\/\/www.zunoticia.com\/noticias-de-hidalgo\/wp-json\/wp\/v2\/posts"}],"about":[{"href":"https:\/\/www.zunoticia.com\/noticias-de-hidalgo\/wp-json\/wp\/v2\/types\/post"}],"author":[{"embeddable":true,"href":"https:\/\/www.zunoticia.com\/noticias-de-hidalgo\/wp-json\/wp\/v2\/users\/20"}],"replies":[{"embeddable":true,"href":"https:\/\/www.zunoticia.com\/noticias-de-hidalgo\/wp-json\/wp\/v2\/comments?post=533459"}],"version-history":[{"count":1,"href":"https:\/\/www.zunoticia.com\/noticias-de-hidalgo\/wp-json\/wp\/v2\/posts\/533459\/revisions"}],"predecessor-version":[{"id":533461,"href":"https:\/\/www.zunoticia.com\/noticias-de-hidalgo\/wp-json\/wp\/v2\/posts\/533459\/revisions\/533461"}],"wp:featuredmedia":[{"embeddable":true,"href":"https:\/\/www.zunoticia.com\/noticias-de-hidalgo\/wp-json\/wp\/v2\/media\/533460"}],"wp:attachment":[{"href":"https:\/\/www.zunoticia.com\/noticias-de-hidalgo\/wp-json\/wp\/v2\/media?parent=533459"}],"wp:term":[{"taxonomy":"category","embeddable":true,"href":"https:\/\/www.zunoticia.com\/noticias-de-hidalgo\/wp-json\/wp\/v2\/categories?post=533459"},{"taxonomy":"post_tag","embeddable":true,"href":"https:\/\/www.zunoticia.com\/noticias-de-hidalgo\/wp-json\/wp\/v2\/tags?post=533459"}],"curies":[{"name":"wp","href":"https:\/\/api.w.org\/{rel}","templated":true}]}}