{"id":534439,"date":"2024-04-05T20:45:46","date_gmt":"2024-04-06T02:45:46","guid":{"rendered":"https:\/\/www.zunoticia.com\/noticias-de-hidalgo\/?p=534439"},"modified":"2024-04-05T20:45:49","modified_gmt":"2024-04-06T02:45:49","slug":"el-pan-de-san-felipe-como-gastronomia-y-pueblo-con-sabor","status":"publish","type":"post","link":"https:\/\/www.zunoticia.com\/noticias-de-hidalgo\/2024\/04\/05\/el-pan-de-san-felipe-como-gastronomia-y-pueblo-con-sabor\/","title":{"rendered":"El pan de San Felipe, como gastronom\u00eda y pueblo con sabor"},"content":{"rendered":"<aside class=\"mashsb-container mashsb-main mashsb-stretched\"><div class=\"mashsb-box\"><div class=\"mashsb-count mash-large\" style=\"&quot;\"><div class=\"counts mashsbcount\">44<\/div><span class=\"mashsb-sharetext\">SHARES<\/span><\/div><div class=\"mashsb-buttons\"><a class=\"mashicon-facebook mash-large mash-center mashsb-noshadow\" href=\"https:\/\/www.facebook.com\/sharer.php?u=https%3A%2F%2Fwww.zunoticia.com%2Fnoticias-de-hidalgo%2F2024%2F04%2F05%2Fel-pan-de-san-felipe-como-gastronomia-y-pueblo-con-sabor%2F\" target=\"_top\" rel=\"nofollow\"><span class=\"icon\"><\/span><span class=\"text\">Share<\/span><\/a><a class=\"mashicon-twitter mash-large mash-center mashsb-noshadow\" href=\"https:\/\/twitter.com\/intent\/tweet?text=&amp;url=https:\/\/www.zunoticia.com\/noticias-de-hidalgo\/2024\/04\/05\/el-pan-de-san-felipe-como-gastronomia-y-pueblo-con-sabor\/\" target=\"_top\" rel=\"nofollow\"><span class=\"icon\"><\/span><span class=\"text\">Tweet<\/span><\/a><div class=\"onoffswitch2 mash-large mashsb-noshadow\" style=\"display:none\"><\/div><\/div>\n            <\/div>\n                <div style=\"clear:both\"><\/div><div class=\"mashsb-toggle-container\"><\/div><\/aside>\n            <!-- Share buttons by mashshare.net - Version: 4.0.47-->\n<p class=\"wp-block-paragraph\"><em>Por Gabriela Hern\u00e1ndez\/Zunoticia<\/em><\/p>\n\n\n\n<p class=\"wp-block-paragraph\"><strong>San Felipe Orizatl\u00e1n, Hgo.-<\/strong> La se\u00f1ora Mar\u00eda Lucia Hern\u00e1ndez, originaria del barrio Bella Vista, perteneciente a este municipio, quien elabora y vende pan, lleva 18 a\u00f1os dedic\u00e1ndose a este oficio.<\/p>\n\n\n\n<p class=\"wp-block-paragraph\">Con tan solo 10 a\u00f1os comenz\u00f3 a preparar este producto, lleg\u00f3 a un negocio donde elaboraban piezas de pan, donde le ofrecieron trabajo, actualmente contin\u00faa este oficio, trabajando de la mano de su esposo.<\/p>\n\n\n\n<figure class=\"wp-block-image size-full\"><img fetchpriority=\"high\" decoding=\"async\" width=\"1280\" height=\"960\" src=\"https:\/\/www.zunoticia.com\/noticias-de-hidalgo\/wp-content\/uploads\/2024\/04\/eZy-Watermark_05-04-2024_07-58-13-2530p.m.jpg\" alt=\"\" class=\"wp-image-534425\"\/><\/figure>\n\n\n\n<p class=\"wp-block-paragraph\">Las piezas que elabora son tortas y carteras de queso y mantequilla, pastelitos de pi\u00f1a, queso, leche y bolillitos; los precios que maneja en piezas peque\u00f1as son de 5 x 20 pesos y piezas de tama\u00f1o m\u00e1s grandes de 6 y 12 pesos, se\u00f1ala que las que m\u00e1s solicitan son de pan de mantequilla y queso.<\/p>\n\n\n\n<figure class=\"wp-block-image size-full\"><img decoding=\"async\" width=\"1280\" height=\"960\" src=\"https:\/\/www.zunoticia.com\/noticias-de-hidalgo\/wp-content\/uploads\/2024\/04\/eZy-Watermark_05-04-2024_07-57-40-4230p.m.jpg\" alt=\"\" class=\"wp-image-534426\"\/><\/figure>\n\n\n\n<p class=\"wp-block-paragraph\">Los Ingredientes que utiliza son: harina, manteca, queso y huevo y las temporadas con mayor demanda son Xantolo, diciembre y en esta temporada de Semana Santa.<\/p>\n\n\n\n<figure class=\"wp-block-image size-full\"><img decoding=\"async\" width=\"1280\" height=\"960\" src=\"https:\/\/www.zunoticia.com\/noticias-de-hidalgo\/wp-content\/uploads\/2024\/04\/eZy-Watermark_05-04-2024_07-58-32-1190p.m.jpg\" alt=\"\" class=\"wp-image-534427\"\/><\/figure>\n\n\n\n<p class=\"wp-block-paragraph\">La se\u00f1ora Mar\u00eda Lucia hace la invitaci\u00f3n a que se acerquen a consumir su producto, muy rico, se ubica frente a la tienda Neto, los martes, jueves y domingos, as\u00ed mismo en su domicilio pueden encontrar este delicioso pan, ubicado sobre&nbsp;la&nbsp;carretera.<\/p>\n","protected":false},"excerpt":{"rendered":"<p>Por Gabriela Hern\u00e1ndez\/Zunoticia San Felipe Orizatl\u00e1n, Hgo.- La se\u00f1ora Mar\u00eda Lucia Hern\u00e1ndez, originaria del barrio Bella Vista, perteneciente a este municipio, quien elabora y vende pan, lleva 18 a\u00f1os dedic\u00e1ndose a este oficio. Con tan solo 10 a\u00f1os comenz\u00f3 a preparar este producto, lleg\u00f3 a un negocio donde elaboraban piezas de pan, donde le ofrecieron&hellip; <a class=\"more-link\" href=\"https:\/\/www.zunoticia.com\/noticias-de-hidalgo\/2024\/04\/05\/el-pan-de-san-felipe-como-gastronomia-y-pueblo-con-sabor\/\">Seguir leyendo <span class=\"screen-reader-text\">El pan de San Felipe, como gastronom\u00eda y pueblo con sabor<\/span><\/a><\/p>\n","protected":false},"author":12,"featured_media":534428,"comment_status":"open","ping_status":"open","sticky":false,"template":"","format":"standard","meta":{"rop_custom_images_group":[],"rop_custom_messages_group":[],"rop_publish_now":"initial","rop_publish_now_accounts":{"facebook_10159540855086992_322828327761733":""},"rop_publish_now_history":[],"rop_publish_now_status":"pending","footnotes":""},"categories":[180],"tags":[129],"class_list":["post-534439","post","type-post","status-publish","format-standard","has-post-thumbnail","hentry","category-orizatlan","tag-orizatlan","entry"],"_links":{"self":[{"href":"https:\/\/www.zunoticia.com\/noticias-de-hidalgo\/wp-json\/wp\/v2\/posts\/534439","targetHints":{"allow":["GET"]}}],"collection":[{"href":"https:\/\/www.zunoticia.com\/noticias-de-hidalgo\/wp-json\/wp\/v2\/posts"}],"about":[{"href":"https:\/\/www.zunoticia.com\/noticias-de-hidalgo\/wp-json\/wp\/v2\/types\/post"}],"author":[{"embeddable":true,"href":"https:\/\/www.zunoticia.com\/noticias-de-hidalgo\/wp-json\/wp\/v2\/users\/12"}],"replies":[{"embeddable":true,"href":"https:\/\/www.zunoticia.com\/noticias-de-hidalgo\/wp-json\/wp\/v2\/comments?post=534439"}],"version-history":[{"count":1,"href":"https:\/\/www.zunoticia.com\/noticias-de-hidalgo\/wp-json\/wp\/v2\/posts\/534439\/revisions"}],"predecessor-version":[{"id":534440,"href":"https:\/\/www.zunoticia.com\/noticias-de-hidalgo\/wp-json\/wp\/v2\/posts\/534439\/revisions\/534440"}],"wp:featuredmedia":[{"embeddable":true,"href":"https:\/\/www.zunoticia.com\/noticias-de-hidalgo\/wp-json\/wp\/v2\/media\/534428"}],"wp:attachment":[{"href":"https:\/\/www.zunoticia.com\/noticias-de-hidalgo\/wp-json\/wp\/v2\/media?parent=534439"}],"wp:term":[{"taxonomy":"category","embeddable":true,"href":"https:\/\/www.zunoticia.com\/noticias-de-hidalgo\/wp-json\/wp\/v2\/categories?post=534439"},{"taxonomy":"post_tag","embeddable":true,"href":"https:\/\/www.zunoticia.com\/noticias-de-hidalgo\/wp-json\/wp\/v2\/tags?post=534439"}],"curies":[{"name":"wp","href":"https:\/\/api.w.org\/{rel}","templated":true}]}}