{"id":537270,"date":"2024-04-25T18:45:29","date_gmt":"2024-04-26T00:45:29","guid":{"rendered":"https:\/\/www.zunoticia.com\/noticias-de-hidalgo\/?p=537270"},"modified":"2024-04-25T18:45:33","modified_gmt":"2024-04-26T00:45:33","slug":"conmemoran-el-dia-mundial-contra-el-paludismo","status":"publish","type":"post","link":"https:\/\/www.zunoticia.com\/noticias-de-hidalgo\/2024\/04\/25\/conmemoran-el-dia-mundial-contra-el-paludismo\/","title":{"rendered":"Conmemoran el d\u00eda mundial contra el Paludismo"},"content":{"rendered":"<aside class=\"mashsb-container mashsb-main mashsb-stretched\"><div class=\"mashsb-box\"><div class=\"mashsb-count mash-large\" style=\"float:left\"><div class=\"counts mashsbcount\">52<\/div><span class=\"mashsb-sharetext\">SHARES<\/span><\/div><div class=\"mashsb-buttons\"><a class=\"mashicon-facebook mash-large mash-center mashsb-noshadow\" href=\"https:\/\/www.facebook.com\/sharer.php?u=https%3A%2F%2Fwww.zunoticia.com%2Fnoticias-de-hidalgo%2F2024%2F04%2F25%2Fconmemoran-el-dia-mundial-contra-el-paludismo%2F\" target=\"_top\" rel=\"nofollow\"><span class=\"icon\"><\/span><span class=\"text\">Share<\/span><\/a><a class=\"mashicon-twitter mash-large mash-center mashsb-noshadow\" href=\"https:\/\/twitter.com\/intent\/tweet?text=&amp;url=https:\/\/www.zunoticia.com\/noticias-de-hidalgo\/2024\/04\/25\/conmemoran-el-dia-mundial-contra-el-paludismo\/\" target=\"_top\" rel=\"nofollow\"><span class=\"icon\"><\/span><span class=\"text\">Tweet<\/span><\/a><div class=\"onoffswitch2 mash-large mashsb-noshadow\" style=\"display:none\"><\/div><\/div>\n            <\/div>\n                <div style=\"clear:both\"><\/div><div class=\"mashsb-toggle-container\"><\/div><\/aside>\n            <!-- Share buttons by mashshare.net - Version: 4.0.47-->\n<p><em>Por Gabriela Hern\u00e1ndez\/Zunoticia<\/em><\/p>\n\n\n\n<p><strong>Jaltoc\u00e1n, Hgo.- <\/strong>Cada 25 de abril se conmemora el d\u00eda mundial del paludismo, con el objetivo de poner de relieve la necesidad de invertir continuamente en la prevenci\u00f3n y el control de la enfermedad.<\/p>\n\n\n\n<p>Los s\u00edntomas del paludismo son fiebre, escalofr\u00edo, dolor de cabeza, dolor de cuerpo muscular, n\u00e1useas y vomito, apareciendo a los 7 d\u00edas despu\u00e9s de la picadura del mosco.<\/p>\n\n\n\n<p>Al considerar los grandes avances en materia de eliminaci\u00f3n de esta enfermedad, se presenta un escenario ideal para reforzar las acciones de prevenci\u00f3n y evitar su reintroducci\u00f3n, as\u00ed lo inform\u00f3 el personal del centro de salud, en el marco del d\u00eda mundial del Paludismo.<\/p>\n\n\n\n<p>Por lo cual, es necesario que las personas que viven en regiones de riesgo, conozcan las medidas preventivas como acceso a repelentes, redes para las ventanas, puertas, mosquiteros o pabellones.<\/p>\n","protected":false},"excerpt":{"rendered":"<p>Por Gabriela Hern\u00e1ndez\/Zunoticia Jaltoc\u00e1n, Hgo.- Cada 25 de abril se conmemora el d\u00eda mundial del paludismo, con el objetivo de poner de relieve la necesidad de invertir continuamente en la prevenci\u00f3n y el control de la enfermedad. Los s\u00edntomas del paludismo son fiebre, escalofr\u00edo, dolor de cabeza, dolor de cuerpo muscular, n\u00e1useas y vomito, apareciendo&hellip; <a class=\"more-link\" href=\"https:\/\/www.zunoticia.com\/noticias-de-hidalgo\/2024\/04\/25\/conmemoran-el-dia-mundial-contra-el-paludismo\/\">Seguir leyendo <span class=\"screen-reader-text\">Conmemoran el d\u00eda mundial contra el Paludismo<\/span><\/a><\/p>\n","protected":false},"author":20,"featured_media":537271,"comment_status":"open","ping_status":"open","sticky":false,"template":"","format":"standard","meta":{"rop_custom_images_group":[],"rop_custom_messages_group":[],"rop_publish_now":"yes","rop_publish_now_accounts":{"facebook_10159540855086992_322828327761733":""},"rop_publish_now_history":[],"rop_publish_now_status":"pending","footnotes":""},"categories":[179,200],"tags":[229,131],"class_list":["post-537270","post","type-post","status-publish","format-standard","has-post-thumbnail","hentry","category-huasteca","category-jaltocan","tag-huasteca","tag-jaltocan","entry"],"_links":{"self":[{"href":"https:\/\/www.zunoticia.com\/noticias-de-hidalgo\/wp-json\/wp\/v2\/posts\/537270","targetHints":{"allow":["GET"]}}],"collection":[{"href":"https:\/\/www.zunoticia.com\/noticias-de-hidalgo\/wp-json\/wp\/v2\/posts"}],"about":[{"href":"https:\/\/www.zunoticia.com\/noticias-de-hidalgo\/wp-json\/wp\/v2\/types\/post"}],"author":[{"embeddable":true,"href":"https:\/\/www.zunoticia.com\/noticias-de-hidalgo\/wp-json\/wp\/v2\/users\/20"}],"replies":[{"embeddable":true,"href":"https:\/\/www.zunoticia.com\/noticias-de-hidalgo\/wp-json\/wp\/v2\/comments?post=537270"}],"version-history":[{"count":1,"href":"https:\/\/www.zunoticia.com\/noticias-de-hidalgo\/wp-json\/wp\/v2\/posts\/537270\/revisions"}],"predecessor-version":[{"id":537272,"href":"https:\/\/www.zunoticia.com\/noticias-de-hidalgo\/wp-json\/wp\/v2\/posts\/537270\/revisions\/537272"}],"wp:featuredmedia":[{"embeddable":true,"href":"https:\/\/www.zunoticia.com\/noticias-de-hidalgo\/wp-json\/wp\/v2\/media\/537271"}],"wp:attachment":[{"href":"https:\/\/www.zunoticia.com\/noticias-de-hidalgo\/wp-json\/wp\/v2\/media?parent=537270"}],"wp:term":[{"taxonomy":"category","embeddable":true,"href":"https:\/\/www.zunoticia.com\/noticias-de-hidalgo\/wp-json\/wp\/v2\/categories?post=537270"},{"taxonomy":"post_tag","embeddable":true,"href":"https:\/\/www.zunoticia.com\/noticias-de-hidalgo\/wp-json\/wp\/v2\/tags?post=537270"}],"curies":[{"name":"wp","href":"https:\/\/api.w.org\/{rel}","templated":true}]}}