{"id":537428,"date":"2024-04-26T18:00:33","date_gmt":"2024-04-27T00:00:33","guid":{"rendered":"https:\/\/www.zunoticia.com\/noticias-de-hidalgo\/?p=537428"},"modified":"2024-04-26T18:00:46","modified_gmt":"2024-04-27T00:00:46","slug":"invitan-a-celebrar-el-dia-del-nino","status":"publish","type":"post","link":"https:\/\/www.zunoticia.com\/noticias-de-hidalgo\/2024\/04\/26\/invitan-a-celebrar-el-dia-del-nino\/","title":{"rendered":"Invitan a celebrar el d\u00eda del ni\u00f1o"},"content":{"rendered":"<aside class=\"mashsb-container mashsb-main mashsb-stretched\"><div class=\"mashsb-box\"><div class=\"mashsb-count mash-large\" style=\"float:left\"><div class=\"counts mashsbcount\">12<\/div><span class=\"mashsb-sharetext\">SHARES<\/span><\/div><div class=\"mashsb-buttons\"><a class=\"mashicon-facebook mash-large mash-center mashsb-noshadow\" href=\"https:\/\/www.facebook.com\/sharer.php?u=https%3A%2F%2Fwww.zunoticia.com%2Fnoticias-de-hidalgo%2F2024%2F04%2F26%2Finvitan-a-celebrar-el-dia-del-nino%2F\" target=\"_top\" rel=\"nofollow\"><span class=\"icon\"><\/span><span class=\"text\">Share<\/span><\/a><a class=\"mashicon-twitter mash-large mash-center mashsb-noshadow\" href=\"https:\/\/twitter.com\/intent\/tweet?text=&amp;url=https:\/\/www.zunoticia.com\/noticias-de-hidalgo\/2024\/04\/26\/invitan-a-celebrar-el-dia-del-nino\/\" target=\"_top\" rel=\"nofollow\"><span class=\"icon\"><\/span><span class=\"text\">Tweet<\/span><\/a><div class=\"onoffswitch2 mash-large mashsb-noshadow\" style=\"display:none\"><\/div><\/div>\n            <\/div>\n                <div style=\"clear:both\"><\/div><div class=\"mashsb-toggle-container\"><\/div><\/aside>\n            <!-- Share buttons by mashshare.net - Version: 4.0.47-->\n<p><em>Por Gabriela Hern\u00e1ndez\/Zunoticia<\/em><\/p>\n\n\n\n<p><strong>Jaltoc\u00e1n, Hgo<\/strong>.-Con la finalidad de no dejar desapercibida la celebraci\u00f3n a los reyes de hogar, el H. Ayuntamiento de Jaltoc\u00e1n y DIF Municipal, invitan a disfrutar en familia, para celebrar el d\u00eda del Ni\u00f1o con una funci\u00f3n de lucha libre, totalmente gratis.<\/p>\n\n\n\n<p>El evento se llevar\u00e1 a cabo el martes 30 de abril, a las 17:00 horas, en la explanada municipal de Jaltoc\u00e1n, donde se contar\u00e1 con la presencia de famosos luchadores Dinast\u00eda, la Parquita, Lancelot, Misionero del diablo, entre otros.<\/p>\n\n\n\n<p>Por lo que se hace extensiva la invitaci\u00f3n a la poblaci\u00f3n para que asistan al festejo y pasar un momento agradable, donde habr\u00e1 muchas sorpresas y diversi\u00f3n.<\/p>\n","protected":false},"excerpt":{"rendered":"<p>Por Gabriela Hern\u00e1ndez\/Zunoticia Jaltoc\u00e1n, Hgo.-Con la finalidad de no dejar desapercibida la celebraci\u00f3n a los reyes de hogar, el H. Ayuntamiento de Jaltoc\u00e1n y DIF Municipal, invitan a disfrutar en familia, para celebrar el d\u00eda del Ni\u00f1o con una funci\u00f3n de lucha libre, totalmente gratis. El evento se llevar\u00e1 a cabo el martes 30 de&hellip; <a class=\"more-link\" href=\"https:\/\/www.zunoticia.com\/noticias-de-hidalgo\/2024\/04\/26\/invitan-a-celebrar-el-dia-del-nino\/\">Seguir leyendo <span class=\"screen-reader-text\">Invitan a celebrar el d\u00eda del ni\u00f1o<\/span><\/a><\/p>\n","protected":false},"author":20,"featured_media":537429,"comment_status":"open","ping_status":"open","sticky":false,"template":"","format":"standard","meta":{"rop_custom_images_group":[],"rop_custom_messages_group":[],"rop_publish_now":"yes","rop_publish_now_accounts":{"facebook_10159540855086992_322828327761733":""},"rop_publish_now_history":[],"rop_publish_now_status":"pending","footnotes":""},"categories":[179,200],"tags":[229,131],"class_list":["post-537428","post","type-post","status-publish","format-standard","has-post-thumbnail","hentry","category-huasteca","category-jaltocan","tag-huasteca","tag-jaltocan","entry"],"_links":{"self":[{"href":"https:\/\/www.zunoticia.com\/noticias-de-hidalgo\/wp-json\/wp\/v2\/posts\/537428","targetHints":{"allow":["GET"]}}],"collection":[{"href":"https:\/\/www.zunoticia.com\/noticias-de-hidalgo\/wp-json\/wp\/v2\/posts"}],"about":[{"href":"https:\/\/www.zunoticia.com\/noticias-de-hidalgo\/wp-json\/wp\/v2\/types\/post"}],"author":[{"embeddable":true,"href":"https:\/\/www.zunoticia.com\/noticias-de-hidalgo\/wp-json\/wp\/v2\/users\/20"}],"replies":[{"embeddable":true,"href":"https:\/\/www.zunoticia.com\/noticias-de-hidalgo\/wp-json\/wp\/v2\/comments?post=537428"}],"version-history":[{"count":1,"href":"https:\/\/www.zunoticia.com\/noticias-de-hidalgo\/wp-json\/wp\/v2\/posts\/537428\/revisions"}],"predecessor-version":[{"id":537430,"href":"https:\/\/www.zunoticia.com\/noticias-de-hidalgo\/wp-json\/wp\/v2\/posts\/537428\/revisions\/537430"}],"wp:featuredmedia":[{"embeddable":true,"href":"https:\/\/www.zunoticia.com\/noticias-de-hidalgo\/wp-json\/wp\/v2\/media\/537429"}],"wp:attachment":[{"href":"https:\/\/www.zunoticia.com\/noticias-de-hidalgo\/wp-json\/wp\/v2\/media?parent=537428"}],"wp:term":[{"taxonomy":"category","embeddable":true,"href":"https:\/\/www.zunoticia.com\/noticias-de-hidalgo\/wp-json\/wp\/v2\/categories?post=537428"},{"taxonomy":"post_tag","embeddable":true,"href":"https:\/\/www.zunoticia.com\/noticias-de-hidalgo\/wp-json\/wp\/v2\/tags?post=537428"}],"curies":[{"name":"wp","href":"https:\/\/api.w.org\/{rel}","templated":true}]}}