{"id":538440,"date":"2024-05-03T18:24:59","date_gmt":"2024-05-04T00:24:59","guid":{"rendered":"https:\/\/www.zunoticia.com\/noticias-de-hidalgo\/?p=538440"},"modified":"2024-05-03T18:25:02","modified_gmt":"2024-05-04T00:25:02","slug":"conmemoraron-a-la-santa-cruz-en-el-cerro-del-balcon","status":"publish","type":"post","link":"https:\/\/www.zunoticia.com\/noticias-de-hidalgo\/2024\/05\/03\/conmemoraron-a-la-santa-cruz-en-el-cerro-del-balcon\/","title":{"rendered":"Conmemoraron a la Santa Cruz en el cerro del Balc\u00f3n"},"content":{"rendered":"<aside class=\"mashsb-container mashsb-main mashsb-stretched\"><div class=\"mashsb-box\"><div class=\"mashsb-count mash-large\" style=\"float:left\"><div class=\"counts mashsbcount\">26<\/div><span class=\"mashsb-sharetext\">SHARES<\/span><\/div><div class=\"mashsb-buttons\"><a class=\"mashicon-facebook mash-large mash-center mashsb-noshadow\" href=\"https:\/\/www.facebook.com\/sharer.php?u=https%3A%2F%2Fwww.zunoticia.com%2Fnoticias-de-hidalgo%2F2024%2F05%2F03%2Fconmemoraron-a-la-santa-cruz-en-el-cerro-del-balcon%2F\" target=\"_top\" rel=\"nofollow\"><span class=\"icon\"><\/span><span class=\"text\">Share<\/span><\/a><a class=\"mashicon-twitter mash-large mash-center mashsb-noshadow\" href=\"https:\/\/twitter.com\/intent\/tweet?text=&amp;url=https:\/\/www.zunoticia.com\/noticias-de-hidalgo\/2024\/05\/03\/conmemoraron-a-la-santa-cruz-en-el-cerro-del-balcon\/\" target=\"_top\" rel=\"nofollow\"><span class=\"icon\"><\/span><span class=\"text\">Tweet<\/span><\/a><div class=\"onoffswitch2 mash-large mashsb-noshadow\" style=\"display:none\"><\/div><\/div>\n            <\/div>\n                <div style=\"clear:both\"><\/div><div class=\"mashsb-toggle-container\"><\/div><\/aside>\n            <!-- Share buttons by mashshare.net - Version: 4.0.47-->\n<p><em>Por Roberto Meza\/Zunoticia<\/em><\/p>\n\n\n\n<p><strong>Yahualica, Hgo<\/strong>.- Habitantes de la cabera municipal y de otros poblados ofrecieron culto y una ofrenda a la Santa Cruz en el cerro el Balc\u00f3n, as\u00ed defender sus ra\u00edces ancestrales, con una acci\u00f3n religiosa en ese lugar es&nbsp; como yahualiquenses conmemoraron tan importante fecha.<\/p>\n\n\n\n<p>El festejo a tan importante fecha inici\u00f3 con una misa oficiado por el Padre Mariano Hern\u00e1ndez, para despu\u00e9s llevar la convivencia en este cerro ceremonial.<\/p>\n\n\n\n<p>Explicaron que, acudieron a ese lugar ya que esta celebraci\u00f3n se realiza desde tiempos ancestrales, donde la gente sube al cerro a ofrendar a La Santa Cruz como un s\u00edmbolo del catolicismo y con esto, se da gracias a la madre tierra por permitirles un a\u00f1o m\u00e1s de vida y de trabajo.<\/p>\n\n\n\n<p>Por lo que, al ritmo de la banda de viento, danzas y otras expresiones culturales es como los habitantes entregan la ofrenda a La Santa Cruz y conviven todos los presentes.<\/p>\n\n\n\n<p>Mencionaron que, anteriormente La Cruz era de madera y hoy de es concreto, de esta manera los pobladores defienden su fe cat\u00f3lica, sus tradiciones y costumbres.<\/p>\n\n\n\n<figure class=\"wp-block-image size-full\"><img fetchpriority=\"high\" decoding=\"async\" width=\"933\" height=\"524\" src=\"https:\/\/www.zunoticia.com\/noticias-de-hidalgo\/wp-content\/uploads\/2024\/05\/Zunoticia-Huejutla-1-14.png\" alt=\"\" class=\"wp-image-538442\"\/><\/figure>\n","protected":false},"excerpt":{"rendered":"<p>Por Roberto Meza\/Zunoticia Yahualica, Hgo.- Habitantes de la cabera municipal y de otros poblados ofrecieron culto y una ofrenda a la Santa Cruz en el cerro el Balc\u00f3n, as\u00ed defender sus ra\u00edces ancestrales, con una acci\u00f3n religiosa en ese lugar es&nbsp; como yahualiquenses conmemoraron tan importante fecha. El festejo a tan importante fecha inici\u00f3 con&hellip; <a class=\"more-link\" href=\"https:\/\/www.zunoticia.com\/noticias-de-hidalgo\/2024\/05\/03\/conmemoraron-a-la-santa-cruz-en-el-cerro-del-balcon\/\">Seguir leyendo <span class=\"screen-reader-text\">Conmemoraron a la Santa Cruz en el cerro del Balc\u00f3n<\/span><\/a><\/p>\n","protected":false},"author":20,"featured_media":538441,"comment_status":"open","ping_status":"open","sticky":false,"template":"","format":"standard","meta":{"rop_custom_images_group":[],"rop_custom_messages_group":[],"rop_publish_now":"yes","rop_publish_now_accounts":{"facebook_10159540855086992_322828327761733":""},"rop_publish_now_history":[],"rop_publish_now_status":"pending","footnotes":""},"categories":[179,203],"tags":[229,123],"class_list":["post-538440","post","type-post","status-publish","format-standard","has-post-thumbnail","hentry","category-huasteca","category-yahualica","tag-huasteca","tag-yahualica","entry"],"_links":{"self":[{"href":"https:\/\/www.zunoticia.com\/noticias-de-hidalgo\/wp-json\/wp\/v2\/posts\/538440","targetHints":{"allow":["GET"]}}],"collection":[{"href":"https:\/\/www.zunoticia.com\/noticias-de-hidalgo\/wp-json\/wp\/v2\/posts"}],"about":[{"href":"https:\/\/www.zunoticia.com\/noticias-de-hidalgo\/wp-json\/wp\/v2\/types\/post"}],"author":[{"embeddable":true,"href":"https:\/\/www.zunoticia.com\/noticias-de-hidalgo\/wp-json\/wp\/v2\/users\/20"}],"replies":[{"embeddable":true,"href":"https:\/\/www.zunoticia.com\/noticias-de-hidalgo\/wp-json\/wp\/v2\/comments?post=538440"}],"version-history":[{"count":1,"href":"https:\/\/www.zunoticia.com\/noticias-de-hidalgo\/wp-json\/wp\/v2\/posts\/538440\/revisions"}],"predecessor-version":[{"id":538443,"href":"https:\/\/www.zunoticia.com\/noticias-de-hidalgo\/wp-json\/wp\/v2\/posts\/538440\/revisions\/538443"}],"wp:featuredmedia":[{"embeddable":true,"href":"https:\/\/www.zunoticia.com\/noticias-de-hidalgo\/wp-json\/wp\/v2\/media\/538441"}],"wp:attachment":[{"href":"https:\/\/www.zunoticia.com\/noticias-de-hidalgo\/wp-json\/wp\/v2\/media?parent=538440"}],"wp:term":[{"taxonomy":"category","embeddable":true,"href":"https:\/\/www.zunoticia.com\/noticias-de-hidalgo\/wp-json\/wp\/v2\/categories?post=538440"},{"taxonomy":"post_tag","embeddable":true,"href":"https:\/\/www.zunoticia.com\/noticias-de-hidalgo\/wp-json\/wp\/v2\/tags?post=538440"}],"curies":[{"name":"wp","href":"https:\/\/api.w.org\/{rel}","templated":true}]}}