{"id":539245,"date":"2024-05-08T22:23:15","date_gmt":"2024-05-09T04:23:15","guid":{"rendered":"https:\/\/www.zunoticia.com\/noticias-de-hidalgo\/?p=539245"},"modified":"2024-05-08T22:23:18","modified_gmt":"2024-05-09T04:23:18","slug":"alumnos-fortalecen-competencias-en-talleres","status":"publish","type":"post","link":"https:\/\/www.zunoticia.com\/noticias-de-hidalgo\/2024\/05\/08\/alumnos-fortalecen-competencias-en-talleres\/","title":{"rendered":"Alumnos fortalecen competencias en talleres"},"content":{"rendered":"<aside class=\"mashsb-container mashsb-main mashsb-stretched\"><div class=\"mashsb-box\"><div class=\"mashsb-count mash-large\" style=\"float:left\"><div class=\"counts mashsbcount\">1<\/div><span class=\"mashsb-sharetext\">SHARES<\/span><\/div><div class=\"mashsb-buttons\"><a class=\"mashicon-facebook mash-large mash-center mashsb-noshadow\" href=\"https:\/\/www.facebook.com\/sharer.php?u=https%3A%2F%2Fwww.zunoticia.com%2Fnoticias-de-hidalgo%2F2024%2F05%2F08%2Falumnos-fortalecen-competencias-en-talleres%2F\" target=\"_top\" rel=\"nofollow\"><span class=\"icon\"><\/span><span class=\"text\">Share<\/span><\/a><a class=\"mashicon-twitter mash-large mash-center mashsb-noshadow\" href=\"https:\/\/twitter.com\/intent\/tweet?text=&amp;url=https:\/\/www.zunoticia.com\/noticias-de-hidalgo\/2024\/05\/08\/alumnos-fortalecen-competencias-en-talleres\/\" target=\"_top\" rel=\"nofollow\"><span class=\"icon\"><\/span><span class=\"text\">Tweet<\/span><\/a><div class=\"onoffswitch2 mash-large mashsb-noshadow\" style=\"display:none\"><\/div><\/div>\n            <\/div>\n                <div style=\"clear:both\"><\/div><div class=\"mashsb-toggle-container\"><\/div><\/aside>\n            <!-- Share buttons by mashshare.net - Version: 4.0.47-->\n<p><em>Por Gabriela Hern\u00e1ndez\/Zunoticia<\/em><\/p>\n\n\n\n<p><strong>Jaltoc\u00e1n, Hgo.-<\/strong> Docentes del jard\u00edn de ni\u00f1os &#8220;Federico Froebel&#8221; realizan diferentes talleres para ayudar a la educaci\u00f3n de los alumnos que cursan la educaci\u00f3n preescolar.<\/p>\n\n\n\n<figure class=\"wp-block-image size-full\"><img fetchpriority=\"high\" decoding=\"async\" width=\"1080\" height=\"1051\" src=\"https:\/\/www.zunoticia.com\/noticias-de-hidalgo\/wp-content\/uploads\/2024\/05\/eZy-Watermark_08-05-2024_09-27-18-3260p.m.jpg\" alt=\"\" class=\"wp-image-539212\"\/><\/figure>\n\n\n\n<p>Dentro de los talleres que se imparten estan taller de pasarela, spa y zumba, con lo que se busca fortalecer los conocimiento de los alumnos.<\/p>\n\n\n\n<p>El objetivo de los talleres es fortalecer el aprendizaje de los alumnos, fomentando la participaci\u00f3n activa por parte de los alumnos, englobando actividades con metodolog\u00edas, diversas tem\u00e1ticas, e incluso con objetivos diferentes, comentaron docentes.<\/p>\n\n\n\n<figure class=\"wp-block-image size-full\"><img decoding=\"async\" width=\"1080\" height=\"769\" src=\"https:\/\/www.zunoticia.com\/noticias-de-hidalgo\/wp-content\/uploads\/2024\/05\/eZy-Watermark_08-05-2024_09-27-41-8710p.m.jpg\" alt=\"\" class=\"wp-image-539217\"\/><\/figure>\n\n\n\n<p>Desarrollando la creatividad y la imaginaci\u00f3n, los talleres son unos espacios donde se fomenta la inspiraci\u00f3n de los alumnos para que estos puedan soltarse y pensar&nbsp;libremente.<\/p>\n","protected":false},"excerpt":{"rendered":"<p>Por Gabriela Hern\u00e1ndez\/Zunoticia Jaltoc\u00e1n, Hgo.- Docentes del jard\u00edn de ni\u00f1os &#8220;Federico Froebel&#8221; realizan diferentes talleres para ayudar a la educaci\u00f3n de los alumnos que cursan la educaci\u00f3n preescolar. Dentro de los talleres que se imparten estan taller de pasarela, spa y zumba, con lo que se busca fortalecer los conocimiento de los alumnos. El objetivo&hellip; <a class=\"more-link\" href=\"https:\/\/www.zunoticia.com\/noticias-de-hidalgo\/2024\/05\/08\/alumnos-fortalecen-competencias-en-talleres\/\">Seguir leyendo <span class=\"screen-reader-text\">Alumnos fortalecen competencias en talleres<\/span><\/a><\/p>\n","protected":false},"author":12,"featured_media":539214,"comment_status":"open","ping_status":"open","sticky":false,"template":"","format":"standard","meta":{"rop_custom_images_group":[],"rop_custom_messages_group":[],"rop_publish_now":"yes","rop_publish_now_accounts":{"facebook_10159540855086992_322828327761733":"#Jaltoc\u00e1n #HuastecaHidalguense | Docentes del jard\u00edn de ni\u00f1os \"Federico Froebel\" realizan diferentes talleres para...\u00a0Ent\u00e9rate\u2b07"},"rop_publish_now_history":[],"rop_publish_now_status":"pending","footnotes":""},"categories":[179,200],"tags":[131],"class_list":["post-539245","post","type-post","status-publish","format-standard","has-post-thumbnail","hentry","category-huasteca","category-jaltocan","tag-jaltocan","entry"],"_links":{"self":[{"href":"https:\/\/www.zunoticia.com\/noticias-de-hidalgo\/wp-json\/wp\/v2\/posts\/539245","targetHints":{"allow":["GET"]}}],"collection":[{"href":"https:\/\/www.zunoticia.com\/noticias-de-hidalgo\/wp-json\/wp\/v2\/posts"}],"about":[{"href":"https:\/\/www.zunoticia.com\/noticias-de-hidalgo\/wp-json\/wp\/v2\/types\/post"}],"author":[{"embeddable":true,"href":"https:\/\/www.zunoticia.com\/noticias-de-hidalgo\/wp-json\/wp\/v2\/users\/12"}],"replies":[{"embeddable":true,"href":"https:\/\/www.zunoticia.com\/noticias-de-hidalgo\/wp-json\/wp\/v2\/comments?post=539245"}],"version-history":[{"count":1,"href":"https:\/\/www.zunoticia.com\/noticias-de-hidalgo\/wp-json\/wp\/v2\/posts\/539245\/revisions"}],"predecessor-version":[{"id":539246,"href":"https:\/\/www.zunoticia.com\/noticias-de-hidalgo\/wp-json\/wp\/v2\/posts\/539245\/revisions\/539246"}],"wp:featuredmedia":[{"embeddable":true,"href":"https:\/\/www.zunoticia.com\/noticias-de-hidalgo\/wp-json\/wp\/v2\/media\/539214"}],"wp:attachment":[{"href":"https:\/\/www.zunoticia.com\/noticias-de-hidalgo\/wp-json\/wp\/v2\/media?parent=539245"}],"wp:term":[{"taxonomy":"category","embeddable":true,"href":"https:\/\/www.zunoticia.com\/noticias-de-hidalgo\/wp-json\/wp\/v2\/categories?post=539245"},{"taxonomy":"post_tag","embeddable":true,"href":"https:\/\/www.zunoticia.com\/noticias-de-hidalgo\/wp-json\/wp\/v2\/tags?post=539245"}],"curies":[{"name":"wp","href":"https:\/\/api.w.org\/{rel}","templated":true}]}}