{"id":539426,"date":"2024-05-09T20:19:57","date_gmt":"2024-05-10T02:19:57","guid":{"rendered":"https:\/\/www.zunoticia.com\/noticias-de-hidalgo\/?p=539426"},"modified":"2024-05-09T20:19:59","modified_gmt":"2024-05-10T02:19:59","slug":"voluntarios-se-sumaron-a-la-rehabilitacion-de-lineas-de-la-cfe","status":"publish","type":"post","link":"https:\/\/www.zunoticia.com\/noticias-de-hidalgo\/2024\/05\/09\/voluntarios-se-sumaron-a-la-rehabilitacion-de-lineas-de-la-cfe\/","title":{"rendered":"Voluntarios se sumaron a la rehabilitaci\u00f3n de l\u00edneas de la CFE"},"content":{"rendered":"<aside class=\"mashsb-container mashsb-main mashsb-stretched\"><div class=\"mashsb-box\"><div class=\"mashsb-count mash-large\" style=\"float:left\"><div class=\"counts mashsbcount\">6<\/div><span class=\"mashsb-sharetext\">SHARES<\/span><\/div><div class=\"mashsb-buttons\"><a class=\"mashicon-facebook mash-large mash-center mashsb-noshadow\" href=\"https:\/\/www.facebook.com\/sharer.php?u=https%3A%2F%2Fwww.zunoticia.com%2Fnoticias-de-hidalgo%2F2024%2F05%2F09%2Fvoluntarios-se-sumaron-a-la-rehabilitacion-de-lineas-de-la-cfe%2F\" target=\"_top\" rel=\"nofollow\"><span class=\"icon\"><\/span><span class=\"text\">Share<\/span><\/a><a class=\"mashicon-twitter mash-large mash-center mashsb-noshadow\" href=\"https:\/\/twitter.com\/intent\/tweet?text=&amp;url=https:\/\/www.zunoticia.com\/noticias-de-hidalgo\/2024\/05\/09\/voluntarios-se-sumaron-a-la-rehabilitacion-de-lineas-de-la-cfe\/\" target=\"_top\" rel=\"nofollow\"><span class=\"icon\"><\/span><span class=\"text\">Tweet<\/span><\/a><div class=\"onoffswitch2 mash-large mashsb-noshadow\" style=\"display:none\"><\/div><\/div>\n            <\/div>\n                <div style=\"clear:both\"><\/div><div class=\"mashsb-toggle-container\"><\/div><\/aside>\n            <!-- Share buttons by mashshare.net - Version: 4.0.47-->\n<p><em>Por Roberto Meza\/Zunoticia<\/em><\/p>\n\n\n\n<p><strong>Yahualica, Hgo.-<\/strong> Con la finalidad de agilizar los trabajos de rehabilitaci\u00f3n de las l\u00edneas el\u00e9ctricas de la cabecera municipal, vecinos voluntarios se sumaron a las actividades en apoyo a los trabadores de la CFE y as\u00ed restablecer el servicio de electricidad en toda la cabecera municipal.<\/p>\n\n\n\n<p>Fueron varios vecinos que se sumaron a los esfuerzos que realizan los trabajadores de la paraestatal, ya que por varios d\u00edas en la cabecera ha habido apagones, por lo que es urgente restablecer ese servicio, sobre todo en estos tiempos de mucho calor en que se necesita de la electricidad en los hogares.<\/p>\n\n\n\n<figure class=\"wp-block-image size-full\"><img fetchpriority=\"high\" decoding=\"async\" width=\"1080\" height=\"831\" src=\"https:\/\/www.zunoticia.com\/noticias-de-hidalgo\/wp-content\/uploads\/2024\/05\/eZy-Watermark_09-05-2024_07-40-15-3130p.m.jpg\" alt=\"\" class=\"wp-image-539433\"\/><\/figure>\n\n\n\n<p>Autoridades delegacionales encabezadas por el Delegado V\u00edctor Hugo Bautista, agradecieron y reconocieron a todos los vecinos que se sumaron a estos trabajos y as\u00ed unir esfuerzos para bien de todos.<\/p>\n\n\n\n<p>Al mismo tiempo informaron que estos trabajos de mejoramiento de este servicio habr\u00e1n de continuar para bien de toda la poblaci\u00f3n yahualiquense.<\/p>\n","protected":false},"excerpt":{"rendered":"<p>Por Roberto Meza\/Zunoticia Yahualica, Hgo.- Con la finalidad de agilizar los trabajos de rehabilitaci\u00f3n de las l\u00edneas el\u00e9ctricas de la cabecera municipal, vecinos voluntarios se sumaron a las actividades en apoyo a los trabadores de la CFE y as\u00ed restablecer el servicio de electricidad en toda la cabecera municipal. Fueron varios vecinos que se sumaron&hellip; <a class=\"more-link\" href=\"https:\/\/www.zunoticia.com\/noticias-de-hidalgo\/2024\/05\/09\/voluntarios-se-sumaron-a-la-rehabilitacion-de-lineas-de-la-cfe\/\">Seguir leyendo <span class=\"screen-reader-text\">Voluntarios se sumaron a la rehabilitaci\u00f3n de l\u00edneas de la CFE<\/span><\/a><\/p>\n","protected":false},"author":12,"featured_media":539432,"comment_status":"open","ping_status":"open","sticky":false,"template":"","format":"standard","meta":{"rop_custom_images_group":[],"rop_custom_messages_group":[],"rop_publish_now":"yes","rop_publish_now_accounts":{"facebook_10159540855086992_322828327761733":"#Yahualica #HuastecaHidalguense | Con la finalidad de agilizar los trabajos de rehabilitaci\u00f3n de las l\u00edneas el\u00e9ctricas de...\u00a0Ent\u00e9rate\u2b07"},"rop_publish_now_history":[],"rop_publish_now_status":"pending","footnotes":""},"categories":[179,203],"tags":[123],"class_list":["post-539426","post","type-post","status-publish","format-standard","has-post-thumbnail","hentry","category-huasteca","category-yahualica","tag-yahualica","entry"],"_links":{"self":[{"href":"https:\/\/www.zunoticia.com\/noticias-de-hidalgo\/wp-json\/wp\/v2\/posts\/539426","targetHints":{"allow":["GET"]}}],"collection":[{"href":"https:\/\/www.zunoticia.com\/noticias-de-hidalgo\/wp-json\/wp\/v2\/posts"}],"about":[{"href":"https:\/\/www.zunoticia.com\/noticias-de-hidalgo\/wp-json\/wp\/v2\/types\/post"}],"author":[{"embeddable":true,"href":"https:\/\/www.zunoticia.com\/noticias-de-hidalgo\/wp-json\/wp\/v2\/users\/12"}],"replies":[{"embeddable":true,"href":"https:\/\/www.zunoticia.com\/noticias-de-hidalgo\/wp-json\/wp\/v2\/comments?post=539426"}],"version-history":[{"count":1,"href":"https:\/\/www.zunoticia.com\/noticias-de-hidalgo\/wp-json\/wp\/v2\/posts\/539426\/revisions"}],"predecessor-version":[{"id":539445,"href":"https:\/\/www.zunoticia.com\/noticias-de-hidalgo\/wp-json\/wp\/v2\/posts\/539426\/revisions\/539445"}],"wp:featuredmedia":[{"embeddable":true,"href":"https:\/\/www.zunoticia.com\/noticias-de-hidalgo\/wp-json\/wp\/v2\/media\/539432"}],"wp:attachment":[{"href":"https:\/\/www.zunoticia.com\/noticias-de-hidalgo\/wp-json\/wp\/v2\/media?parent=539426"}],"wp:term":[{"taxonomy":"category","embeddable":true,"href":"https:\/\/www.zunoticia.com\/noticias-de-hidalgo\/wp-json\/wp\/v2\/categories?post=539426"},{"taxonomy":"post_tag","embeddable":true,"href":"https:\/\/www.zunoticia.com\/noticias-de-hidalgo\/wp-json\/wp\/v2\/tags?post=539426"}],"curies":[{"name":"wp","href":"https:\/\/api.w.org\/{rel}","templated":true}]}}