{"id":539906,"date":"2024-05-12T20:19:46","date_gmt":"2024-05-13T02:19:46","guid":{"rendered":"https:\/\/www.zunoticia.com\/noticias-de-hidalgo\/?p=539906"},"modified":"2024-05-12T20:19:50","modified_gmt":"2024-05-13T02:19:50","slug":"las-altas-temperaturas-afectan-a-los-agricultores","status":"publish","type":"post","link":"https:\/\/www.zunoticia.com\/noticias-de-hidalgo\/2024\/05\/12\/las-altas-temperaturas-afectan-a-los-agricultores\/","title":{"rendered":"Las altas temperaturas afectan a los agricultores"},"content":{"rendered":"<aside class=\"mashsb-container mashsb-main mashsb-stretched\"><div class=\"mashsb-box\"><div class=\"mashsb-count mash-large\" style=\"float:left\"><div class=\"counts mashsbcount\">2<\/div><span class=\"mashsb-sharetext\">SHARES<\/span><\/div><div class=\"mashsb-buttons\"><a class=\"mashicon-facebook mash-large mash-center mashsb-noshadow\" href=\"https:\/\/www.facebook.com\/sharer.php?u=https%3A%2F%2Fwww.zunoticia.com%2Fnoticias-de-hidalgo%2F2024%2F05%2F12%2Flas-altas-temperaturas-afectan-a-los-agricultores%2F\" target=\"_top\" rel=\"nofollow\"><span class=\"icon\"><\/span><span class=\"text\">Share<\/span><\/a><a class=\"mashicon-twitter mash-large mash-center mashsb-noshadow\" href=\"https:\/\/twitter.com\/intent\/tweet?text=&amp;url=https:\/\/www.zunoticia.com\/noticias-de-hidalgo\/2024\/05\/12\/las-altas-temperaturas-afectan-a-los-agricultores\/\" target=\"_top\" rel=\"nofollow\"><span class=\"icon\"><\/span><span class=\"text\">Tweet<\/span><\/a><div class=\"onoffswitch2 mash-large mashsb-noshadow\" style=\"display:none\"><\/div><\/div>\n            <\/div>\n                <div style=\"clear:both\"><\/div><div class=\"mashsb-toggle-container\"><\/div><\/aside>\n            <!-- Share buttons by mashshare.net - Version: 4.0.47-->\n<p><em>Por Gabriela Hern\u00e1ndez\/Zunoticia<\/em><\/p>\n\n\n\n<p><strong>Jaltoc\u00e1n, Hgo.-<\/strong> Cada vez se hacen m\u00e1s frecuentes las alzas en las temperaturas, periodo en el que las temperaturas m\u00e1ximas diarias superan un el l\u00edmite diario, llegando a ser extremas.<\/p>\n\n\n\n<p>El fen\u00f3meno de las olas de calor que se registra durante la \u00e9poca de verano tiene como consecuencia m\u00e1s importante el alza de temperaturas, que impactan en la producci\u00f3n de alimentos, especialmente en el \u00e1mbito agr\u00edcola.<\/p>\n\n\n\n<p>El alza de las temperaturas puede generar m\u00faltiples efectos, estas onda de calor tienden a secar mucho la superficie del suelo, provocando la mortalidad de las siembras.<\/p>\n\n\n\n<p>Personas que se dedican a la producci\u00f3n y comercializaci\u00f3n de productos del campo se\u00f1alan que, los \u00e1rboles frutales con las ondas de calor tienden a tener un deterioro, no solo en cantidad de la cosecha, sino que tambi\u00e9n en la calidad, as\u00ed como en la p\u00e9rdida de lo cosechado y tambi\u00e9n en frutos m\u00e1s peque\u00f1os que pierden su valor&nbsp;comercial.<\/p>\n","protected":false},"excerpt":{"rendered":"<p>Por Gabriela Hern\u00e1ndez\/Zunoticia Jaltoc\u00e1n, Hgo.- Cada vez se hacen m\u00e1s frecuentes las alzas en las temperaturas, periodo en el que las temperaturas m\u00e1ximas diarias superan un el l\u00edmite diario, llegando a ser extremas. El fen\u00f3meno de las olas de calor que se registra durante la \u00e9poca de verano tiene como consecuencia m\u00e1s importante el alza&hellip; <a class=\"more-link\" href=\"https:\/\/www.zunoticia.com\/noticias-de-hidalgo\/2024\/05\/12\/las-altas-temperaturas-afectan-a-los-agricultores\/\">Seguir leyendo <span class=\"screen-reader-text\">Las altas temperaturas afectan a los agricultores<\/span><\/a><\/p>\n","protected":false},"author":12,"featured_media":539880,"comment_status":"open","ping_status":"open","sticky":false,"template":"","format":"standard","meta":{"rop_custom_images_group":[],"rop_custom_messages_group":[],"rop_publish_now":"yes","rop_publish_now_accounts":{"facebook_10159540855086992_322828327761733":"#Jaltoc\u00e1n #HuastecaHidalguense | Cada vez se hacen m\u00e1s frecuentes las alzas en las temperaturas, periodo en el...\u00a0Ent\u00e9rate\u2b07"},"rop_publish_now_history":[],"rop_publish_now_status":"pending","footnotes":""},"categories":[179,200],"tags":[131],"class_list":["post-539906","post","type-post","status-publish","format-standard","has-post-thumbnail","hentry","category-huasteca","category-jaltocan","tag-jaltocan","entry"],"_links":{"self":[{"href":"https:\/\/www.zunoticia.com\/noticias-de-hidalgo\/wp-json\/wp\/v2\/posts\/539906","targetHints":{"allow":["GET"]}}],"collection":[{"href":"https:\/\/www.zunoticia.com\/noticias-de-hidalgo\/wp-json\/wp\/v2\/posts"}],"about":[{"href":"https:\/\/www.zunoticia.com\/noticias-de-hidalgo\/wp-json\/wp\/v2\/types\/post"}],"author":[{"embeddable":true,"href":"https:\/\/www.zunoticia.com\/noticias-de-hidalgo\/wp-json\/wp\/v2\/users\/12"}],"replies":[{"embeddable":true,"href":"https:\/\/www.zunoticia.com\/noticias-de-hidalgo\/wp-json\/wp\/v2\/comments?post=539906"}],"version-history":[{"count":1,"href":"https:\/\/www.zunoticia.com\/noticias-de-hidalgo\/wp-json\/wp\/v2\/posts\/539906\/revisions"}],"predecessor-version":[{"id":539907,"href":"https:\/\/www.zunoticia.com\/noticias-de-hidalgo\/wp-json\/wp\/v2\/posts\/539906\/revisions\/539907"}],"wp:featuredmedia":[{"embeddable":true,"href":"https:\/\/www.zunoticia.com\/noticias-de-hidalgo\/wp-json\/wp\/v2\/media\/539880"}],"wp:attachment":[{"href":"https:\/\/www.zunoticia.com\/noticias-de-hidalgo\/wp-json\/wp\/v2\/media?parent=539906"}],"wp:term":[{"taxonomy":"category","embeddable":true,"href":"https:\/\/www.zunoticia.com\/noticias-de-hidalgo\/wp-json\/wp\/v2\/categories?post=539906"},{"taxonomy":"post_tag","embeddable":true,"href":"https:\/\/www.zunoticia.com\/noticias-de-hidalgo\/wp-json\/wp\/v2\/tags?post=539906"}],"curies":[{"name":"wp","href":"https:\/\/api.w.org\/{rel}","templated":true}]}}