{"id":539914,"date":"2024-05-12T20:42:59","date_gmt":"2024-05-13T02:42:59","guid":{"rendered":"https:\/\/www.zunoticia.com\/noticias-de-hidalgo\/?p=539914"},"modified":"2024-05-12T20:43:02","modified_gmt":"2024-05-13T02:43:02","slug":"realizan-valoracion-de-lengua-indigena-a-participantes-del-proceso-de-admision-en-educacion-basica-ciclo-escolar-2024-2025","status":"publish","type":"post","link":"https:\/\/www.zunoticia.com\/noticias-de-hidalgo\/2024\/05\/12\/realizan-valoracion-de-lengua-indigena-a-participantes-del-proceso-de-admision-en-educacion-basica-ciclo-escolar-2024-2025\/","title":{"rendered":"Realizan valoraci\u00f3n de lengua ind\u00edgena a participantes del proceso de Admisi\u00f3n en Educaci\u00f3n B\u00e1sica, ciclo escolar 2024-2025"},"content":{"rendered":"<aside class=\"mashsb-container mashsb-main mashsb-stretched\"><div class=\"mashsb-box\"><div class=\"mashsb-count mash-large\" style=\"float:left\"><div class=\"counts mashsbcount\">49<\/div><span class=\"mashsb-sharetext\">SHARES<\/span><\/div><div class=\"mashsb-buttons\"><a class=\"mashicon-facebook mash-large mash-center mashsb-noshadow\" href=\"https:\/\/www.facebook.com\/sharer.php?u=https%3A%2F%2Fwww.zunoticia.com%2Fnoticias-de-hidalgo%2F2024%2F05%2F12%2Frealizan-valoracion-de-lengua-indigena-a-participantes-del-proceso-de-admision-en-educacion-basica-ciclo-escolar-2024-2025%2F\" target=\"_top\" rel=\"nofollow\"><span class=\"icon\"><\/span><span class=\"text\">Share<\/span><\/a><a class=\"mashicon-twitter mash-large mash-center mashsb-noshadow\" href=\"https:\/\/twitter.com\/intent\/tweet?text=&amp;url=https:\/\/www.zunoticia.com\/noticias-de-hidalgo\/2024\/05\/12\/realizan-valoracion-de-lengua-indigena-a-participantes-del-proceso-de-admision-en-educacion-basica-ciclo-escolar-2024-2025\/\" target=\"_top\" rel=\"nofollow\"><span class=\"icon\"><\/span><span class=\"text\">Tweet<\/span><\/a><div class=\"onoffswitch2 mash-large mashsb-noshadow\" style=\"display:none\"><\/div><\/div>\n            <\/div>\n                <div style=\"clear:both\"><\/div><div class=\"mashsb-toggle-container\"><\/div><\/aside>\n            <!-- Share buttons by mashshare.net - Version: 4.0.47-->\n<p><em>Por Redacci\u00f3n\/Zunoticia<\/em><\/p>\n\n\n\n<p><strong>Pachuca de Soto, Hgo<\/strong><strong>.-<\/strong> En cumplimiento a lo establecido en la convocatoria del proceso de Admisi\u00f3n en Educaci\u00f3n B\u00e1sica, ciclo escolar 2024-2025, este 11 y 12 de mayo se lleva a cabo en Hidalgo la aplicaci\u00f3n de las habilidades ling\u00fc\u00edsticas a los 533 aspirantes a una plaza de educaci\u00f3n preescolar y primaria ind\u00edgena.<\/p>\n\n\n\n<p>El Instituto Hidalguense de Educaci\u00f3n (IHE), durante estos dos d\u00edas lleva a cabo la aplicaci\u00f3n de los instrumentos de valoraci\u00f3n para la acreditaci\u00f3n de las habilidades ling\u00fc\u00edsticas de quienes aspiran a una plaza en dichos niveles educativos, correspondiente al proceso de Admisi\u00f3n en Educaci\u00f3n B\u00e1sica para el pr\u00f3ximo ciclo escolar, en la regi\u00f3n Huejutla, Tulancingo e Ixmiquilpan.<\/p>\n\n\n\n<p>Se trata de las variantes de la lengua N\u00e1huatl Mexicano de la Huasteca Hidalguense, N\u00e1huatl del Noreste Central, Otom\u00ed de la Sierra y Otom\u00ed del Oeste del Valle del Mezquital.<\/p>\n\n\n\n<figure class=\"wp-block-image size-full\"><img fetchpriority=\"high\" decoding=\"async\" width=\"1280\" height=\"650\" src=\"https:\/\/www.zunoticia.com\/noticias-de-hidalgo\/wp-content\/uploads\/2024\/05\/eZy-Watermark_12-05-2024_08-37-52-5700p.m.jpg\" alt=\"\" class=\"wp-image-539915\"\/><\/figure>\n\n\n\n<p>Esta actividad se realiza con el apoyo del Centro Estatal de Lenguas y Culturas Ind\u00edgenas (CELCI), reconocido por el Instituto Nacional de Lenguas Ind\u00edgenas (INALI) como centro evaluador.<\/p>\n","protected":false},"excerpt":{"rendered":"<p>Por Redacci\u00f3n\/Zunoticia Pachuca de Soto, Hgo.- En cumplimiento a lo establecido en la convocatoria del proceso de Admisi\u00f3n en Educaci\u00f3n B\u00e1sica, ciclo escolar 2024-2025, este 11 y 12 de mayo se lleva a cabo en Hidalgo la aplicaci\u00f3n de las habilidades ling\u00fc\u00edsticas a los 533 aspirantes a una plaza de educaci\u00f3n preescolar y primaria ind\u00edgena.&hellip; <a class=\"more-link\" href=\"https:\/\/www.zunoticia.com\/noticias-de-hidalgo\/2024\/05\/12\/realizan-valoracion-de-lengua-indigena-a-participantes-del-proceso-de-admision-en-educacion-basica-ciclo-escolar-2024-2025\/\">Seguir leyendo <span class=\"screen-reader-text\">Realizan valoraci\u00f3n de lengua ind\u00edgena a participantes del proceso de Admisi\u00f3n en Educaci\u00f3n B\u00e1sica, ciclo escolar 2024-2025<\/span><\/a><\/p>\n","protected":false},"author":12,"featured_media":539916,"comment_status":"open","ping_status":"open","sticky":false,"template":"","format":"standard","meta":{"rop_custom_images_group":[],"rop_custom_messages_group":[],"rop_publish_now":"yes","rop_publish_now_accounts":{"facebook_10159540855086992_322828327761733":"#Estado #PachucaDeSoto | En cumplimiento a lo establecido en la convocatoria del proceso de Admisi\u00f3n en...\u00a0Ent\u00e9rate\u2b07"},"rop_publish_now_history":[],"rop_publish_now_status":"pending","footnotes":""},"categories":[208],"tags":[214],"class_list":["post-539914","post","type-post","status-publish","format-standard","has-post-thumbnail","hentry","category-estado","tag-estado","entry"],"_links":{"self":[{"href":"https:\/\/www.zunoticia.com\/noticias-de-hidalgo\/wp-json\/wp\/v2\/posts\/539914","targetHints":{"allow":["GET"]}}],"collection":[{"href":"https:\/\/www.zunoticia.com\/noticias-de-hidalgo\/wp-json\/wp\/v2\/posts"}],"about":[{"href":"https:\/\/www.zunoticia.com\/noticias-de-hidalgo\/wp-json\/wp\/v2\/types\/post"}],"author":[{"embeddable":true,"href":"https:\/\/www.zunoticia.com\/noticias-de-hidalgo\/wp-json\/wp\/v2\/users\/12"}],"replies":[{"embeddable":true,"href":"https:\/\/www.zunoticia.com\/noticias-de-hidalgo\/wp-json\/wp\/v2\/comments?post=539914"}],"version-history":[{"count":1,"href":"https:\/\/www.zunoticia.com\/noticias-de-hidalgo\/wp-json\/wp\/v2\/posts\/539914\/revisions"}],"predecessor-version":[{"id":539920,"href":"https:\/\/www.zunoticia.com\/noticias-de-hidalgo\/wp-json\/wp\/v2\/posts\/539914\/revisions\/539920"}],"wp:featuredmedia":[{"embeddable":true,"href":"https:\/\/www.zunoticia.com\/noticias-de-hidalgo\/wp-json\/wp\/v2\/media\/539916"}],"wp:attachment":[{"href":"https:\/\/www.zunoticia.com\/noticias-de-hidalgo\/wp-json\/wp\/v2\/media?parent=539914"}],"wp:term":[{"taxonomy":"category","embeddable":true,"href":"https:\/\/www.zunoticia.com\/noticias-de-hidalgo\/wp-json\/wp\/v2\/categories?post=539914"},{"taxonomy":"post_tag","embeddable":true,"href":"https:\/\/www.zunoticia.com\/noticias-de-hidalgo\/wp-json\/wp\/v2\/tags?post=539914"}],"curies":[{"name":"wp","href":"https:\/\/api.w.org\/{rel}","templated":true}]}}