{"id":540170,"date":"2024-05-14T17:08:44","date_gmt":"2024-05-14T23:08:44","guid":{"rendered":"https:\/\/www.zunoticia.com\/noticias-de-hidalgo\/?p=540170"},"modified":"2024-05-14T17:08:47","modified_gmt":"2024-05-14T23:08:47","slug":"festejaron-dia-del-maestro-en-yahualica","status":"publish","type":"post","link":"https:\/\/www.zunoticia.com\/noticias-de-hidalgo\/2024\/05\/14\/festejaron-dia-del-maestro-en-yahualica\/","title":{"rendered":"Festejaron d\u00eda del Maestro en Yahualica"},"content":{"rendered":"<aside class=\"mashsb-container mashsb-main mashsb-stretched\"><div class=\"mashsb-box\"><div class=\"mashsb-count mash-large\" style=\"float:left\"><div class=\"counts mashsbcount\">18<\/div><span class=\"mashsb-sharetext\">SHARES<\/span><\/div><div class=\"mashsb-buttons\"><a class=\"mashicon-facebook mash-large mash-center mashsb-noshadow\" href=\"https:\/\/www.facebook.com\/sharer.php?u=https%3A%2F%2Fwww.zunoticia.com%2Fnoticias-de-hidalgo%2F2024%2F05%2F14%2Ffestejaron-dia-del-maestro-en-yahualica%2F\" target=\"_top\" rel=\"nofollow\"><span class=\"icon\"><\/span><span class=\"text\">Share<\/span><\/a><a class=\"mashicon-twitter mash-large mash-center mashsb-noshadow\" href=\"https:\/\/twitter.com\/intent\/tweet?text=&amp;url=https:\/\/www.zunoticia.com\/noticias-de-hidalgo\/2024\/05\/14\/festejaron-dia-del-maestro-en-yahualica\/\" target=\"_top\" rel=\"nofollow\"><span class=\"icon\"><\/span><span class=\"text\">Tweet<\/span><\/a><div class=\"onoffswitch2 mash-large mashsb-noshadow\" style=\"display:none\"><\/div><\/div>\n            <\/div>\n                <div style=\"clear:both\"><\/div><div class=\"mashsb-toggle-container\"><\/div><\/aside>\n            <!-- Share buttons by mashshare.net - Version: 4.0.47-->\n<p><em>Por Roberto Meza\/Zunoticia<\/em><\/p>\n\n\n\n<p><strong>Yahualica, Hgo.<\/strong> &#8211; Autoridades delegacionales festejaron el d\u00eda del maestro para reconocer a todos los docentes que laboran en la cabecera municipal, para ello, se les ofreci\u00f3 un evento art\u00edstico cultural en la galera p\u00fablica, en donde se les reconoci\u00f3 el trabajo arduo para la educaci\u00f3n de los ni\u00f1os y j\u00f3venes.<\/p>\n\n\n\n<p>El evento inici\u00f3 con el enfloramiento de todos los profesores que trabajan en el k\u00ednder, Primaria, Telesecundaria y Colegio de Bachilleres del Estado de Hidalgo, para despu\u00e9s ser recibidos en la galera p\u00fablica; en este acto presenciaron diversos n\u00fameros art\u00edsticos y entrega de reconocimientos a todos los maestros.<\/p>\n\n\n\n<p>Las autoridades delegacionales encabezadas por su delegado V\u00edctor Hugo Bautista, felicitaron y reconocieron el trabajo que llevan todos los docentes en esta cabecera municipal para bien de la educaci\u00f3n de los infantes y adolescentes; as\u00ed mismo, desearon lo mejor en esta fecha tan importante como lo es el d\u00eda del Maestro.<\/p>\n\n\n\n<figure class=\"wp-block-image size-full\"><img fetchpriority=\"high\" decoding=\"async\" width=\"933\" height=\"524\" src=\"https:\/\/www.zunoticia.com\/noticias-de-hidalgo\/wp-content\/uploads\/2024\/05\/Zunoticia-Huejutla-217.png\" alt=\"\" class=\"wp-image-540172\"\/><\/figure>\n","protected":false},"excerpt":{"rendered":"<p>Por Roberto Meza\/Zunoticia Yahualica, Hgo. &#8211; Autoridades delegacionales festejaron el d\u00eda del maestro para reconocer a todos los docentes que laboran en la cabecera municipal, para ello, se les ofreci\u00f3 un evento art\u00edstico cultural en la galera p\u00fablica, en donde se les reconoci\u00f3 el trabajo arduo para la educaci\u00f3n de los ni\u00f1os y j\u00f3venes. El&hellip; <a class=\"more-link\" href=\"https:\/\/www.zunoticia.com\/noticias-de-hidalgo\/2024\/05\/14\/festejaron-dia-del-maestro-en-yahualica\/\">Seguir leyendo <span class=\"screen-reader-text\">Festejaron d\u00eda del Maestro en Yahualica<\/span><\/a><\/p>\n","protected":false},"author":20,"featured_media":540171,"comment_status":"open","ping_status":"open","sticky":false,"template":"","format":"standard","meta":{"rop_custom_images_group":[],"rop_custom_messages_group":[],"rop_publish_now":"yes","rop_publish_now_accounts":{"facebook_10159540855086992_322828327761733":""},"rop_publish_now_history":[],"rop_publish_now_status":"pending","footnotes":""},"categories":[179,203],"tags":[229,123],"class_list":["post-540170","post","type-post","status-publish","format-standard","has-post-thumbnail","hentry","category-huasteca","category-yahualica","tag-huasteca","tag-yahualica","entry"],"_links":{"self":[{"href":"https:\/\/www.zunoticia.com\/noticias-de-hidalgo\/wp-json\/wp\/v2\/posts\/540170","targetHints":{"allow":["GET"]}}],"collection":[{"href":"https:\/\/www.zunoticia.com\/noticias-de-hidalgo\/wp-json\/wp\/v2\/posts"}],"about":[{"href":"https:\/\/www.zunoticia.com\/noticias-de-hidalgo\/wp-json\/wp\/v2\/types\/post"}],"author":[{"embeddable":true,"href":"https:\/\/www.zunoticia.com\/noticias-de-hidalgo\/wp-json\/wp\/v2\/users\/20"}],"replies":[{"embeddable":true,"href":"https:\/\/www.zunoticia.com\/noticias-de-hidalgo\/wp-json\/wp\/v2\/comments?post=540170"}],"version-history":[{"count":1,"href":"https:\/\/www.zunoticia.com\/noticias-de-hidalgo\/wp-json\/wp\/v2\/posts\/540170\/revisions"}],"predecessor-version":[{"id":540173,"href":"https:\/\/www.zunoticia.com\/noticias-de-hidalgo\/wp-json\/wp\/v2\/posts\/540170\/revisions\/540173"}],"wp:featuredmedia":[{"embeddable":true,"href":"https:\/\/www.zunoticia.com\/noticias-de-hidalgo\/wp-json\/wp\/v2\/media\/540171"}],"wp:attachment":[{"href":"https:\/\/www.zunoticia.com\/noticias-de-hidalgo\/wp-json\/wp\/v2\/media?parent=540170"}],"wp:term":[{"taxonomy":"category","embeddable":true,"href":"https:\/\/www.zunoticia.com\/noticias-de-hidalgo\/wp-json\/wp\/v2\/categories?post=540170"},{"taxonomy":"post_tag","embeddable":true,"href":"https:\/\/www.zunoticia.com\/noticias-de-hidalgo\/wp-json\/wp\/v2\/tags?post=540170"}],"curies":[{"name":"wp","href":"https:\/\/api.w.org\/{rel}","templated":true}]}}