{"id":541619,"date":"2024-05-23T17:05:38","date_gmt":"2024-05-23T23:05:38","guid":{"rendered":"https:\/\/www.zunoticia.com\/noticias-de-hidalgo\/?p=541619"},"modified":"2024-05-23T17:05:41","modified_gmt":"2024-05-23T23:05:41","slug":"personal-de-balizamiento-municipal-colocara-letrero-en-acceso-a-la-col-valle-del-encinal","status":"publish","type":"post","link":"https:\/\/www.zunoticia.com\/noticias-de-hidalgo\/2024\/05\/23\/personal-de-balizamiento-municipal-colocara-letrero-en-acceso-a-la-col-valle-del-encinal\/","title":{"rendered":"Personal de Balizamiento Municipal colocar\u00e1 letrero en acceso a la col. Valle del Encinal"},"content":{"rendered":"<aside class=\"mashsb-container mashsb-main mashsb-stretched\"><div class=\"mashsb-box\"><div class=\"mashsb-count mash-large\" style=\"float:left\"><div class=\"counts mashsbcount\">11<\/div><span class=\"mashsb-sharetext\">SHARES<\/span><\/div><div class=\"mashsb-buttons\"><a class=\"mashicon-facebook mash-large mash-center mashsb-noshadow\" href=\"https:\/\/www.facebook.com\/sharer.php?u=https%3A%2F%2Fwww.zunoticia.com%2Fnoticias-de-hidalgo%2F2024%2F05%2F23%2Fpersonal-de-balizamiento-municipal-colocara-letrero-en-acceso-a-la-col-valle-del-encinal%2F\" target=\"_top\" rel=\"nofollow\"><span class=\"icon\"><\/span><span class=\"text\">Share<\/span><\/a><a class=\"mashicon-twitter mash-large mash-center mashsb-noshadow\" href=\"https:\/\/twitter.com\/intent\/tweet?text=&amp;url=https:\/\/www.zunoticia.com\/noticias-de-hidalgo\/2024\/05\/23\/personal-de-balizamiento-municipal-colocara-letrero-en-acceso-a-la-col-valle-del-encinal\/\" target=\"_top\" rel=\"nofollow\"><span class=\"icon\"><\/span><span class=\"text\">Tweet<\/span><\/a><div class=\"onoffswitch2 mash-large mashsb-noshadow\" style=\"display:none\"><\/div><\/div>\n            <\/div>\n                <div style=\"clear:both\"><\/div><div class=\"mashsb-toggle-container\"><\/div><\/aside>\n            <!-- Share buttons by mashshare.net - Version: 4.0.47-->\n<p><em>Por Salvador Altamirano\/Zunoticia<\/em><\/p>\n\n\n\n<p><strong>Huejutla, Hgo.-<\/strong> El director del \u00e1rea de Balizamiento Municipal, Alejandro Hern\u00e1ndez Redondo, manifest\u00f3 que a solicitud de la delegaci\u00f3n, colocar\u00e1n un letrero en el acceso principal de la colonia Valle del Encinal.<\/p>\n\n\n\n<p>Explic\u00f3 que, la leyenda del mismo, que se instalar\u00e1 en la confluencia de las calles Palma y Clavel, expresar\u00e1 en letras grandes &#8220;Bienvenidos a la colonia Valle del Encinal\u201d.<\/p>\n\n\n\n<p>A pregunta expresa, refiri\u00f3 que, este tipo de letreros, aunado a que dan identidad, otorgan al visitante certeza del sector poblacional al que est\u00e1 ingresando, y si no es de Huejutla y lo andaba buscando, &#8220;ya lo encontr\u00f3&#8221;.<\/p>\n\n\n\n<p>Al respecto, un vecino, quien responde al nombre de Pedro Larios Gonz\u00e1lez, coment\u00f3 que, en Huejutla, a excepci\u00f3n de las calles de la Zona Centro, en las colonias carecen de nomenclatura, lo que dificulta ubicar un domicilio.<\/p>\n\n\n\n<p>Para finalizar, manifest\u00f3 que un letrero de esa naturaleza y tama\u00f1o, dan propiedad al sector, por lo que ojal\u00e1 que en todas las colonias se haga lo propio, o sea, que se instale uno.<\/p>\n\n\n\n<figure class=\"wp-block-image size-full\"><img fetchpriority=\"high\" decoding=\"async\" width=\"933\" height=\"524\" src=\"https:\/\/www.zunoticia.com\/noticias-de-hidalgo\/wp-content\/uploads\/2024\/05\/Zunoticia-Huejutla-1-219.png\" alt=\"\" class=\"wp-image-541621\"\/><\/figure>\n","protected":false},"excerpt":{"rendered":"<p>Por Salvador Altamirano\/Zunoticia Huejutla, Hgo.- El director del \u00e1rea de Balizamiento Municipal, Alejandro Hern\u00e1ndez Redondo, manifest\u00f3 que a solicitud de la delegaci\u00f3n, colocar\u00e1n un letrero en el acceso principal de la colonia Valle del Encinal. Explic\u00f3 que, la leyenda del mismo, que se instalar\u00e1 en la confluencia de las calles Palma y Clavel, expresar\u00e1 en&hellip; <a class=\"more-link\" href=\"https:\/\/www.zunoticia.com\/noticias-de-hidalgo\/2024\/05\/23\/personal-de-balizamiento-municipal-colocara-letrero-en-acceso-a-la-col-valle-del-encinal\/\">Seguir leyendo <span class=\"screen-reader-text\">Personal de Balizamiento Municipal colocar\u00e1 letrero en acceso a la col. Valle del Encinal<\/span><\/a><\/p>\n","protected":false},"author":20,"featured_media":541620,"comment_status":"open","ping_status":"open","sticky":false,"template":"","format":"standard","meta":{"rop_custom_images_group":[],"rop_custom_messages_group":[],"rop_publish_now":"yes","rop_publish_now_accounts":{"facebook_10159540855086992_322828327761733":""},"rop_publish_now_history":[],"rop_publish_now_status":"pending","footnotes":""},"categories":[181],"tags":[121],"class_list":["post-541619","post","type-post","status-publish","format-standard","has-post-thumbnail","hentry","category-huejutla","tag-huejutla","entry"],"_links":{"self":[{"href":"https:\/\/www.zunoticia.com\/noticias-de-hidalgo\/wp-json\/wp\/v2\/posts\/541619","targetHints":{"allow":["GET"]}}],"collection":[{"href":"https:\/\/www.zunoticia.com\/noticias-de-hidalgo\/wp-json\/wp\/v2\/posts"}],"about":[{"href":"https:\/\/www.zunoticia.com\/noticias-de-hidalgo\/wp-json\/wp\/v2\/types\/post"}],"author":[{"embeddable":true,"href":"https:\/\/www.zunoticia.com\/noticias-de-hidalgo\/wp-json\/wp\/v2\/users\/20"}],"replies":[{"embeddable":true,"href":"https:\/\/www.zunoticia.com\/noticias-de-hidalgo\/wp-json\/wp\/v2\/comments?post=541619"}],"version-history":[{"count":1,"href":"https:\/\/www.zunoticia.com\/noticias-de-hidalgo\/wp-json\/wp\/v2\/posts\/541619\/revisions"}],"predecessor-version":[{"id":541622,"href":"https:\/\/www.zunoticia.com\/noticias-de-hidalgo\/wp-json\/wp\/v2\/posts\/541619\/revisions\/541622"}],"wp:featuredmedia":[{"embeddable":true,"href":"https:\/\/www.zunoticia.com\/noticias-de-hidalgo\/wp-json\/wp\/v2\/media\/541620"}],"wp:attachment":[{"href":"https:\/\/www.zunoticia.com\/noticias-de-hidalgo\/wp-json\/wp\/v2\/media?parent=541619"}],"wp:term":[{"taxonomy":"category","embeddable":true,"href":"https:\/\/www.zunoticia.com\/noticias-de-hidalgo\/wp-json\/wp\/v2\/categories?post=541619"},{"taxonomy":"post_tag","embeddable":true,"href":"https:\/\/www.zunoticia.com\/noticias-de-hidalgo\/wp-json\/wp\/v2\/tags?post=541619"}],"curies":[{"name":"wp","href":"https:\/\/api.w.org\/{rel}","templated":true}]}}