{"id":541648,"date":"2024-05-23T18:01:41","date_gmt":"2024-05-24T00:01:41","guid":{"rendered":"https:\/\/www.zunoticia.com\/noticias-de-hidalgo\/?p=541648"},"modified":"2024-05-23T18:31:32","modified_gmt":"2024-05-24T00:31:32","slug":"festejaron-dia-de-los-estudiantes-2","status":"publish","type":"post","link":"https:\/\/www.zunoticia.com\/noticias-de-hidalgo\/2024\/05\/23\/festejaron-dia-de-los-estudiantes-2\/","title":{"rendered":"Festejaron d\u00eda de los estudiantes"},"content":{"rendered":"<aside class=\"mashsb-container mashsb-main mashsb-stretched\"><div class=\"mashsb-box\"><div class=\"mashsb-count mash-large\" style=\"float:left\"><div class=\"counts mashsbcount\">5<\/div><span class=\"mashsb-sharetext\">SHARES<\/span><\/div><div class=\"mashsb-buttons\"><a class=\"mashicon-facebook mash-large mash-center mashsb-noshadow\" href=\"https:\/\/www.facebook.com\/sharer.php?u=https%3A%2F%2Fwww.zunoticia.com%2Fnoticias-de-hidalgo%2F2024%2F05%2F23%2Ffestejaron-dia-de-los-estudiantes-2%2F\" target=\"_top\" rel=\"nofollow\"><span class=\"icon\"><\/span><span class=\"text\">Share<\/span><\/a><a class=\"mashicon-twitter mash-large mash-center mashsb-noshadow\" href=\"https:\/\/twitter.com\/intent\/tweet?text=&amp;url=https:\/\/www.zunoticia.com\/noticias-de-hidalgo\/2024\/05\/23\/festejaron-dia-de-los-estudiantes-2\/\" target=\"_top\" rel=\"nofollow\"><span class=\"icon\"><\/span><span class=\"text\">Tweet<\/span><\/a><div class=\"onoffswitch2 mash-large mashsb-noshadow\" style=\"display:none\"><\/div><\/div>\n            <\/div>\n                <div style=\"clear:both\"><\/div><div class=\"mashsb-toggle-container\"><\/div><\/aside>\n            <!-- Share buttons by mashshare.net - Version: 4.0.47-->\n<p><em>Por Roberto Meza\/Zunoticia<\/em><\/p>\n\n\n\n<p><strong>Yahualica, Hgo<\/strong>.- Padres de familia y maestros del Colegio de Bachilleres del Estado de Hidalgo, plantel Mecatl\u00e1n, festejaron el d\u00eda de los\u00a0 estudiantes, en donde llevaron diversas actividades de convivencia hacia los alumnos; con esto se busca fomentar el compa\u00f1erismo, la amistad y otros valores.<\/p>\n\n\n\n<p>Fue este jueves, en esa instituci\u00f3n educativa, donde se tuvo la participaci\u00f3n de los maestros y padres de familia para conmemorar a todos los estudiantes de los diversos semestres con un programa art\u00edstico y cultural, en la galera de esa escuela y con ello, lograr la convivencia sana y pac\u00edfica, con el fin de reconocerles esta importante fecha.<\/p>\n\n\n\n<p>Los estudiantes participaron en diversas din\u00e1micas como juegos, rifas, competencias, bailes, y otros deportes; entreg\u00e1ndoles muchos regalos como parte de su festejo de este d\u00eda.<\/p>\n\n\n\n<p>Fue el director de esa escuela, Alfonso Hern\u00e1ndez, quien a nombre de los maestros y padres de familia felicit\u00f3 y reconoci\u00f3 el esfuerzo diario que hacen para tener un futuro mejor.<\/p>\n\n\n\n<figure class=\"wp-block-gallery has-nested-images columns-default is-cropped wp-block-gallery-1 is-layout-flex wp-block-gallery-is-layout-flex\">\n<figure class=\"wp-block-image size-large\"><img fetchpriority=\"high\" decoding=\"async\" width=\"933\" height=\"524\" data-id=\"541650\" src=\"https:\/\/www.zunoticia.com\/noticias-de-hidalgo\/wp-content\/uploads\/2024\/05\/Zunoticia-Huejutla-2-72.png\" alt=\"\" class=\"wp-image-541650\"\/><\/figure>\n\n\n\n<figure class=\"wp-block-image size-large\"><img decoding=\"async\" width=\"933\" height=\"524\" data-id=\"541651\" src=\"https:\/\/www.zunoticia.com\/noticias-de-hidalgo\/wp-content\/uploads\/2024\/05\/Zunoticia-Huejutla-1-222.png\" alt=\"\" class=\"wp-image-541651\"\/><\/figure>\n<\/figure>\n","protected":false},"excerpt":{"rendered":"<p>Por Roberto Meza\/Zunoticia Yahualica, Hgo.- Padres de familia y maestros del Colegio de Bachilleres del Estado de Hidalgo, plantel Mecatl\u00e1n, festejaron el d\u00eda de los\u00a0 estudiantes, en donde llevaron diversas actividades de convivencia hacia los alumnos; con esto se busca fomentar el compa\u00f1erismo, la amistad y otros valores. Fue este jueves, en esa instituci\u00f3n educativa,&hellip; <a class=\"more-link\" href=\"https:\/\/www.zunoticia.com\/noticias-de-hidalgo\/2024\/05\/23\/festejaron-dia-de-los-estudiantes-2\/\">Seguir leyendo <span class=\"screen-reader-text\">Festejaron d\u00eda de los estudiantes<\/span><\/a><\/p>\n","protected":false},"author":20,"featured_media":541649,"comment_status":"open","ping_status":"open","sticky":false,"template":"","format":"standard","meta":{"rop_custom_images_group":[],"rop_custom_messages_group":[],"rop_publish_now":"initial","rop_publish_now_accounts":{"facebook_10159540855086992_322828327761733":""},"rop_publish_now_history":[],"rop_publish_now_status":"pending","footnotes":""},"categories":[179,203],"tags":[229,123],"class_list":["post-541648","post","type-post","status-publish","format-standard","has-post-thumbnail","hentry","category-huasteca","category-yahualica","tag-huasteca","tag-yahualica","entry"],"_links":{"self":[{"href":"https:\/\/www.zunoticia.com\/noticias-de-hidalgo\/wp-json\/wp\/v2\/posts\/541648","targetHints":{"allow":["GET"]}}],"collection":[{"href":"https:\/\/www.zunoticia.com\/noticias-de-hidalgo\/wp-json\/wp\/v2\/posts"}],"about":[{"href":"https:\/\/www.zunoticia.com\/noticias-de-hidalgo\/wp-json\/wp\/v2\/types\/post"}],"author":[{"embeddable":true,"href":"https:\/\/www.zunoticia.com\/noticias-de-hidalgo\/wp-json\/wp\/v2\/users\/20"}],"replies":[{"embeddable":true,"href":"https:\/\/www.zunoticia.com\/noticias-de-hidalgo\/wp-json\/wp\/v2\/comments?post=541648"}],"version-history":[{"count":2,"href":"https:\/\/www.zunoticia.com\/noticias-de-hidalgo\/wp-json\/wp\/v2\/posts\/541648\/revisions"}],"predecessor-version":[{"id":541659,"href":"https:\/\/www.zunoticia.com\/noticias-de-hidalgo\/wp-json\/wp\/v2\/posts\/541648\/revisions\/541659"}],"wp:featuredmedia":[{"embeddable":true,"href":"https:\/\/www.zunoticia.com\/noticias-de-hidalgo\/wp-json\/wp\/v2\/media\/541649"}],"wp:attachment":[{"href":"https:\/\/www.zunoticia.com\/noticias-de-hidalgo\/wp-json\/wp\/v2\/media?parent=541648"}],"wp:term":[{"taxonomy":"category","embeddable":true,"href":"https:\/\/www.zunoticia.com\/noticias-de-hidalgo\/wp-json\/wp\/v2\/categories?post=541648"},{"taxonomy":"post_tag","embeddable":true,"href":"https:\/\/www.zunoticia.com\/noticias-de-hidalgo\/wp-json\/wp\/v2\/tags?post=541648"}],"curies":[{"name":"wp","href":"https:\/\/api.w.org\/{rel}","templated":true}]}}