{"id":541955,"date":"2024-05-25T16:50:22","date_gmt":"2024-05-25T22:50:22","guid":{"rendered":"https:\/\/www.zunoticia.com\/noticias-de-hidalgo\/?p=541955"},"modified":"2024-05-25T16:50:25","modified_gmt":"2024-05-25T22:50:25","slug":"nuestro-problema-no-es-social-sino-religioso-aclara-rogelio-hernandez","status":"publish","type":"post","link":"https:\/\/www.zunoticia.com\/noticias-de-hidalgo\/2024\/05\/25\/nuestro-problema-no-es-social-sino-religioso-aclara-rogelio-hernandez\/","title":{"rendered":"\u201cNuestro problema no es social, sino religioso\u201d, aclara Rogelio Hern\u00e1ndez"},"content":{"rendered":"<aside class=\"mashsb-container mashsb-main mashsb-stretched\"><div class=\"mashsb-box\"><div class=\"mashsb-count mash-large\" style=\"float:left\"><div class=\"counts mashsbcount\">59<\/div><span class=\"mashsb-sharetext\">SHARES<\/span><\/div><div class=\"mashsb-buttons\"><a class=\"mashicon-facebook mash-large mash-center mashsb-noshadow\" href=\"https:\/\/www.facebook.com\/sharer.php?u=https%3A%2F%2Fwww.zunoticia.com%2Fnoticias-de-hidalgo%2F2024%2F05%2F25%2Fnuestro-problema-no-es-social-sino-religioso-aclara-rogelio-hernandez%2F\" target=\"_top\" rel=\"nofollow\"><span class=\"icon\"><\/span><span class=\"text\">Share<\/span><\/a><a class=\"mashicon-twitter mash-large mash-center mashsb-noshadow\" href=\"https:\/\/twitter.com\/intent\/tweet?text=&amp;url=https:\/\/www.zunoticia.com\/noticias-de-hidalgo\/2024\/05\/25\/nuestro-problema-no-es-social-sino-religioso-aclara-rogelio-hernandez\/\" target=\"_top\" rel=\"nofollow\"><span class=\"icon\"><\/span><span class=\"text\">Tweet<\/span><\/a><div class=\"onoffswitch2 mash-large mashsb-noshadow\" style=\"display:none\"><\/div><\/div>\n            <\/div>\n                <div style=\"clear:both\"><\/div><div class=\"mashsb-toggle-container\"><\/div><\/aside>\n            <!-- Share buttons by mashshare.net - Version: 4.0.47-->\n<p><em>Por Salvador Altamirano\/Zunoticia<\/em><\/p>\n\n\n\n<p><strong>Huejutla, Hgo.-<\/strong> El pastor que encabeza al grupo de evang\u00e9licos de las comunidades de Rancho Nuevo y Coamitla, Rogelio Hern\u00e1ndez Baltazar, desminti\u00f3 que su problema, como el de los integrantes de su iglesia, sea social al negarse a contribuir con sus responsabilidades de vecino, como aseguran las autoridades.<\/p>\n\n\n\n<p>Quien dijo ser originario de Rancho Nuevo, coment\u00f3 que el 4 de enero del 2010, fue designado como catequista en la localidad de Macuxtepetla, fungiendo como tal hasta el 2015 y nunca tuvo problemas porque en el pueblo todos eran cat\u00f3licos, los cuales iniciaron al convertirse en evang\u00e9lico.<\/p>\n\n\n\n<p>Mostrando el acta de acuerdo, subray\u00f3 \u201ccon ello se descubre la verdad, ya que me acusan de no querer cooperar con mis obligaciones comunitarias tornando el problema en social o pol\u00edtico. Pero no -acentu\u00f3-, es religioso\u201d.<\/p>\n\n\n\n<p>Rememor\u00f3 que, al convertirse en evang\u00e9lico, los habitantes de Rancho Nuevo empezaron a discriminarlo, incluso a quitarle sus beneficios p\u00fablicos, ya que fue retirado del cargo de presidente de la Asociaci\u00f3n de Padres de Familia del Jard\u00edn de Ni\u00f1os.<\/p>\n\n\n\n<p>Para concluir, Hern\u00e1ndez Baltazar reiter\u00f3 que su problema, como de todos quienes por temor y represalias han abandonado sus comunidades, no es social &#8211; pol\u00edtico, como expresan las autoridades de ambas comunidades, es religioso, porque inici\u00f3 al convertirse al evangelio.<\/p>\n","protected":false},"excerpt":{"rendered":"<p>Por Salvador Altamirano\/Zunoticia Huejutla, Hgo.- El pastor que encabeza al grupo de evang\u00e9licos de las comunidades de Rancho Nuevo y Coamitla, Rogelio Hern\u00e1ndez Baltazar, desminti\u00f3 que su problema, como el de los integrantes de su iglesia, sea social al negarse a contribuir con sus responsabilidades de vecino, como aseguran las autoridades. Quien dijo ser originario&hellip; <a class=\"more-link\" href=\"https:\/\/www.zunoticia.com\/noticias-de-hidalgo\/2024\/05\/25\/nuestro-problema-no-es-social-sino-religioso-aclara-rogelio-hernandez\/\">Seguir leyendo <span class=\"screen-reader-text\">\u201cNuestro problema no es social, sino religioso\u201d, aclara Rogelio Hern\u00e1ndez<\/span><\/a><\/p>\n","protected":false},"author":20,"featured_media":541956,"comment_status":"open","ping_status":"open","sticky":false,"template":"","format":"standard","meta":{"rop_custom_images_group":[],"rop_custom_messages_group":[],"rop_publish_now":"yes","rop_publish_now_accounts":{"facebook_10159540855086992_322828327761733":""},"rop_publish_now_history":[],"rop_publish_now_status":"pending","footnotes":""},"categories":[181],"tags":[121],"class_list":["post-541955","post","type-post","status-publish","format-standard","has-post-thumbnail","hentry","category-huejutla","tag-huejutla","entry"],"_links":{"self":[{"href":"https:\/\/www.zunoticia.com\/noticias-de-hidalgo\/wp-json\/wp\/v2\/posts\/541955","targetHints":{"allow":["GET"]}}],"collection":[{"href":"https:\/\/www.zunoticia.com\/noticias-de-hidalgo\/wp-json\/wp\/v2\/posts"}],"about":[{"href":"https:\/\/www.zunoticia.com\/noticias-de-hidalgo\/wp-json\/wp\/v2\/types\/post"}],"author":[{"embeddable":true,"href":"https:\/\/www.zunoticia.com\/noticias-de-hidalgo\/wp-json\/wp\/v2\/users\/20"}],"replies":[{"embeddable":true,"href":"https:\/\/www.zunoticia.com\/noticias-de-hidalgo\/wp-json\/wp\/v2\/comments?post=541955"}],"version-history":[{"count":1,"href":"https:\/\/www.zunoticia.com\/noticias-de-hidalgo\/wp-json\/wp\/v2\/posts\/541955\/revisions"}],"predecessor-version":[{"id":541957,"href":"https:\/\/www.zunoticia.com\/noticias-de-hidalgo\/wp-json\/wp\/v2\/posts\/541955\/revisions\/541957"}],"wp:featuredmedia":[{"embeddable":true,"href":"https:\/\/www.zunoticia.com\/noticias-de-hidalgo\/wp-json\/wp\/v2\/media\/541956"}],"wp:attachment":[{"href":"https:\/\/www.zunoticia.com\/noticias-de-hidalgo\/wp-json\/wp\/v2\/media?parent=541955"}],"wp:term":[{"taxonomy":"category","embeddable":true,"href":"https:\/\/www.zunoticia.com\/noticias-de-hidalgo\/wp-json\/wp\/v2\/categories?post=541955"},{"taxonomy":"post_tag","embeddable":true,"href":"https:\/\/www.zunoticia.com\/noticias-de-hidalgo\/wp-json\/wp\/v2\/tags?post=541955"}],"curies":[{"name":"wp","href":"https:\/\/api.w.org\/{rel}","templated":true}]}}