{"id":541961,"date":"2024-05-25T17:11:11","date_gmt":"2024-05-25T23:11:11","guid":{"rendered":"https:\/\/www.zunoticia.com\/noticias-de-hidalgo\/?p=541961"},"modified":"2024-05-25T17:11:14","modified_gmt":"2024-05-25T23:11:14","slug":"preparan-celebracion-de-la-fiesta-del-corpus-christi","status":"publish","type":"post","link":"https:\/\/www.zunoticia.com\/noticias-de-hidalgo\/2024\/05\/25\/preparan-celebracion-de-la-fiesta-del-corpus-christi\/","title":{"rendered":"Preparan celebraci\u00f3n de la Fiesta del Corpus Christi"},"content":{"rendered":"<aside class=\"mashsb-container mashsb-main mashsb-stretched\"><div class=\"mashsb-box\"><div class=\"mashsb-count mash-large\" style=\"float:left\"><div class=\"counts mashsbcount\">4<\/div><span class=\"mashsb-sharetext\">SHARES<\/span><\/div><div class=\"mashsb-buttons\"><a class=\"mashicon-facebook mash-large mash-center mashsb-noshadow\" href=\"https:\/\/www.facebook.com\/sharer.php?u=https%3A%2F%2Fwww.zunoticia.com%2Fnoticias-de-hidalgo%2F2024%2F05%2F25%2Fpreparan-celebracion-de-la-fiesta-del-corpus-christi%2F\" target=\"_top\" rel=\"nofollow\"><span class=\"icon\"><\/span><span class=\"text\">Share<\/span><\/a><a class=\"mashicon-twitter mash-large mash-center mashsb-noshadow\" href=\"https:\/\/twitter.com\/intent\/tweet?text=&amp;url=https:\/\/www.zunoticia.com\/noticias-de-hidalgo\/2024\/05\/25\/preparan-celebracion-de-la-fiesta-del-corpus-christi\/\" target=\"_top\" rel=\"nofollow\"><span class=\"icon\"><\/span><span class=\"text\">Tweet<\/span><\/a><div class=\"onoffswitch2 mash-large mashsb-noshadow\" style=\"display:none\"><\/div><\/div>\n            <\/div>\n                <div style=\"clear:both\"><\/div><div class=\"mashsb-toggle-container\"><\/div><\/aside>\n            <!-- Share buttons by mashshare.net - Version: 4.0.47-->\n<p><em>Por Enedino Hern\u00e1ndez\/Zunoticia<\/em><\/p>\n\n\n\n<p><strong>Huejutla, Hgo<\/strong>.- Con toda anticipaci\u00f3n fieles cat\u00f3licos de las diversas parroquias, se preparan para celebrar la fiesta del Corpus Christi, confirm\u00f3 el vocero de la Di\u00f3cesis de Huejutla, Jes\u00fas Morfin Cartagena.<\/p>\n\n\n\n<p>Se\u00f1al\u00f3 que, ser\u00e1 el jueves 30 de mayo cuando los fieles cat\u00f3licos participar\u00e1n en diversas actividades por la celebraci\u00f3n de la fiesta del Corpus Christi, la cual es una fiesta de la Iglesia cat\u00f3lica destinada a celebrar la Eucarist\u00eda.<\/p>\n\n\n\n<p>A\u00f1adi\u00f3 que, el Corpus Christi tiene como principal finalidad el proclamar y aumentar la fe de los creyentes en la presencia real de Jesucristo en el Sant\u00edsimo Sacramento; y la celebraci\u00f3n se lleva a cabo el siguiente jueves al octavo domingo despu\u00e9s del Domingo de Resurrecci\u00f3n.<\/p>\n\n\n\n<p>Expone que, una de las caracter\u00edsticas de la celebraci\u00f3n de la fiesta del Corpus Christi es la Procesi\u00f3n, pues sin duda alguna que la vida es una procesi\u00f3n que se tiene, vamos caminando y queremos sentir la presencia de Cristo que nos alimenta, que nos da vida y que nos fortalece.<\/p>\n\n\n\n<p>Jes\u00fas Morfin Cartagena, detall\u00f3 que, \u201cen todas las parroquias del mundo se hace la Procesi\u00f3n, desde el Vaticano, en todo M\u00e9xico, por lo que pedimos a los fieles cat\u00f3licos para que participen en la fiesta del Corpus Christi que ser\u00e1 el jueves 30 de mayo\u201d.<\/p>\n\n\n\n<p><\/p>\n","protected":false},"excerpt":{"rendered":"<p>Por Enedino Hern\u00e1ndez\/Zunoticia Huejutla, Hgo.- Con toda anticipaci\u00f3n fieles cat\u00f3licos de las diversas parroquias, se preparan para celebrar la fiesta del Corpus Christi, confirm\u00f3 el vocero de la Di\u00f3cesis de Huejutla, Jes\u00fas Morfin Cartagena. Se\u00f1al\u00f3 que, ser\u00e1 el jueves 30 de mayo cuando los fieles cat\u00f3licos participar\u00e1n en diversas actividades por la celebraci\u00f3n de la&hellip; <a class=\"more-link\" href=\"https:\/\/www.zunoticia.com\/noticias-de-hidalgo\/2024\/05\/25\/preparan-celebracion-de-la-fiesta-del-corpus-christi\/\">Seguir leyendo <span class=\"screen-reader-text\">Preparan celebraci\u00f3n de la Fiesta del Corpus Christi<\/span><\/a><\/p>\n","protected":false},"author":20,"featured_media":541962,"comment_status":"open","ping_status":"open","sticky":false,"template":"","format":"standard","meta":{"rop_custom_images_group":[],"rop_custom_messages_group":[],"rop_publish_now":"yes","rop_publish_now_accounts":{"facebook_10159540855086992_322828327761733":""},"rop_publish_now_history":[],"rop_publish_now_status":"pending","footnotes":""},"categories":[181],"tags":[121],"class_list":["post-541961","post","type-post","status-publish","format-standard","has-post-thumbnail","hentry","category-huejutla","tag-huejutla","entry"],"_links":{"self":[{"href":"https:\/\/www.zunoticia.com\/noticias-de-hidalgo\/wp-json\/wp\/v2\/posts\/541961","targetHints":{"allow":["GET"]}}],"collection":[{"href":"https:\/\/www.zunoticia.com\/noticias-de-hidalgo\/wp-json\/wp\/v2\/posts"}],"about":[{"href":"https:\/\/www.zunoticia.com\/noticias-de-hidalgo\/wp-json\/wp\/v2\/types\/post"}],"author":[{"embeddable":true,"href":"https:\/\/www.zunoticia.com\/noticias-de-hidalgo\/wp-json\/wp\/v2\/users\/20"}],"replies":[{"embeddable":true,"href":"https:\/\/www.zunoticia.com\/noticias-de-hidalgo\/wp-json\/wp\/v2\/comments?post=541961"}],"version-history":[{"count":1,"href":"https:\/\/www.zunoticia.com\/noticias-de-hidalgo\/wp-json\/wp\/v2\/posts\/541961\/revisions"}],"predecessor-version":[{"id":541963,"href":"https:\/\/www.zunoticia.com\/noticias-de-hidalgo\/wp-json\/wp\/v2\/posts\/541961\/revisions\/541963"}],"wp:featuredmedia":[{"embeddable":true,"href":"https:\/\/www.zunoticia.com\/noticias-de-hidalgo\/wp-json\/wp\/v2\/media\/541962"}],"wp:attachment":[{"href":"https:\/\/www.zunoticia.com\/noticias-de-hidalgo\/wp-json\/wp\/v2\/media?parent=541961"}],"wp:term":[{"taxonomy":"category","embeddable":true,"href":"https:\/\/www.zunoticia.com\/noticias-de-hidalgo\/wp-json\/wp\/v2\/categories?post=541961"},{"taxonomy":"post_tag","embeddable":true,"href":"https:\/\/www.zunoticia.com\/noticias-de-hidalgo\/wp-json\/wp\/v2\/tags?post=541961"}],"curies":[{"name":"wp","href":"https:\/\/api.w.org\/{rel}","templated":true}]}}