{"id":543407,"date":"2024-06-04T18:30:44","date_gmt":"2024-06-05T00:30:44","guid":{"rendered":"https:\/\/www.zunoticia.com\/noticias-de-hidalgo\/?p=543407"},"modified":"2024-06-04T18:30:48","modified_gmt":"2024-06-05T00:30:48","slug":"unidad-de-especialidad-medica-invita-a-hacer-uso-de-servicios","status":"publish","type":"post","link":"https:\/\/www.zunoticia.com\/noticias-de-hidalgo\/2024\/06\/04\/unidad-de-especialidad-medica-invita-a-hacer-uso-de-servicios\/","title":{"rendered":"Unidad de especialidad m\u00e9dica invita a hacer uso de servicios"},"content":{"rendered":"<aside class=\"mashsb-container mashsb-main mashsb-stretched\"><div class=\"mashsb-box\"><div class=\"mashsb-count mash-large\" style=\"float:left\"><div class=\"counts mashsbcount\">3<\/div><span class=\"mashsb-sharetext\">SHARES<\/span><\/div><div class=\"mashsb-buttons\"><a class=\"mashicon-facebook mash-large mash-center mashsb-noshadow\" href=\"https:\/\/www.facebook.com\/sharer.php?u=https%3A%2F%2Fwww.zunoticia.com%2Fnoticias-de-hidalgo%2F2024%2F06%2F04%2Funidad-de-especialidad-medica-invita-a-hacer-uso-de-servicios%2F\" target=\"_top\" rel=\"nofollow\"><span class=\"icon\"><\/span><span class=\"text\">Share<\/span><\/a><a class=\"mashicon-twitter mash-large mash-center mashsb-noshadow\" href=\"https:\/\/twitter.com\/intent\/tweet?text=&amp;url=https:\/\/www.zunoticia.com\/noticias-de-hidalgo\/2024\/06\/04\/unidad-de-especialidad-medica-invita-a-hacer-uso-de-servicios\/\" target=\"_top\" rel=\"nofollow\"><span class=\"icon\"><\/span><span class=\"text\">Tweet<\/span><\/a><div class=\"onoffswitch2 mash-large mashsb-noshadow\" style=\"display:none\"><\/div><\/div>\n            <\/div>\n                <div style=\"clear:both\"><\/div><div class=\"mashsb-toggle-container\"><\/div><\/aside>\n            <!-- Share buttons by mashshare.net - Version: 4.0.47-->\n<p><em>Por Gabriela Hern\u00e1ndez\/Zunoticia<\/em><\/p>\n\n\n\n<p><strong>San Felipe Orizatl\u00e1n, Hgo<\/strong>.- La unidad de especialidad m\u00e9dica, centro comunitario de salud mental y adicciones, invita a toda la poblaci\u00f3n a acercarse para hacer uso de los servicios que se brindan.<\/p>\n\n\n\n<p>El director, Cesar Eduardo Lara, se\u00f1al\u00f3 que, trabajan con temas de adicciones y salud mental, con ni\u00f1os de 6 a\u00f1os de edad en adelante; as\u00ed mismo, mencion\u00f3 que se cuenta con tres psic\u00f3logos y dos trabajadoras sociales, brindando el servicio de manera gratuita.<\/p>\n\n\n\n<p>En esta instituci\u00f3n se atiende a la poblaci\u00f3n abierta que presente signos de esta patolog\u00eda, como es la presencia de tristeza, p\u00e9rdida de inter\u00e9s, sentimientos de culpa o falta de autoestima, trastornos del sue\u00f1o o del apetito, sensaci\u00f3n de cansancio y falta de concentraci\u00f3n.<\/p>\n\n\n\n<p>En su invitaci\u00f3n mencion\u00f3 que, se debe poner mayor atenci\u00f3n a la salud mental, recalcando que es tan importante como tratar otro tipo de padecimiento; el horario de atenci\u00f3n es de 8:00 a.m. a 8:00 p.m., de lunes a viernes, ubicado a un costado del centro de salud del municipio.<\/p>\n","protected":false},"excerpt":{"rendered":"<p>Por Gabriela Hern\u00e1ndez\/Zunoticia San Felipe Orizatl\u00e1n, Hgo.- La unidad de especialidad m\u00e9dica, centro comunitario de salud mental y adicciones, invita a toda la poblaci\u00f3n a acercarse para hacer uso de los servicios que se brindan. El director, Cesar Eduardo Lara, se\u00f1al\u00f3 que, trabajan con temas de adicciones y salud mental, con ni\u00f1os de 6 a\u00f1os&hellip; <a class=\"more-link\" href=\"https:\/\/www.zunoticia.com\/noticias-de-hidalgo\/2024\/06\/04\/unidad-de-especialidad-medica-invita-a-hacer-uso-de-servicios\/\">Seguir leyendo <span class=\"screen-reader-text\">Unidad de especialidad m\u00e9dica invita a hacer uso de servicios<\/span><\/a><\/p>\n","protected":false},"author":20,"featured_media":543408,"comment_status":"open","ping_status":"open","sticky":false,"template":"","format":"standard","meta":{"rop_custom_images_group":[],"rop_custom_messages_group":[],"rop_publish_now":"yes","rop_publish_now_accounts":{"facebook_10159540855086992_322828327761733":""},"rop_publish_now_history":[],"rop_publish_now_status":"pending","footnotes":""},"categories":[179,180],"tags":[229,129],"class_list":["post-543407","post","type-post","status-publish","format-standard","has-post-thumbnail","hentry","category-huasteca","category-orizatlan","tag-huasteca","tag-orizatlan","entry"],"_links":{"self":[{"href":"https:\/\/www.zunoticia.com\/noticias-de-hidalgo\/wp-json\/wp\/v2\/posts\/543407","targetHints":{"allow":["GET"]}}],"collection":[{"href":"https:\/\/www.zunoticia.com\/noticias-de-hidalgo\/wp-json\/wp\/v2\/posts"}],"about":[{"href":"https:\/\/www.zunoticia.com\/noticias-de-hidalgo\/wp-json\/wp\/v2\/types\/post"}],"author":[{"embeddable":true,"href":"https:\/\/www.zunoticia.com\/noticias-de-hidalgo\/wp-json\/wp\/v2\/users\/20"}],"replies":[{"embeddable":true,"href":"https:\/\/www.zunoticia.com\/noticias-de-hidalgo\/wp-json\/wp\/v2\/comments?post=543407"}],"version-history":[{"count":1,"href":"https:\/\/www.zunoticia.com\/noticias-de-hidalgo\/wp-json\/wp\/v2\/posts\/543407\/revisions"}],"predecessor-version":[{"id":543409,"href":"https:\/\/www.zunoticia.com\/noticias-de-hidalgo\/wp-json\/wp\/v2\/posts\/543407\/revisions\/543409"}],"wp:featuredmedia":[{"embeddable":true,"href":"https:\/\/www.zunoticia.com\/noticias-de-hidalgo\/wp-json\/wp\/v2\/media\/543408"}],"wp:attachment":[{"href":"https:\/\/www.zunoticia.com\/noticias-de-hidalgo\/wp-json\/wp\/v2\/media?parent=543407"}],"wp:term":[{"taxonomy":"category","embeddable":true,"href":"https:\/\/www.zunoticia.com\/noticias-de-hidalgo\/wp-json\/wp\/v2\/categories?post=543407"},{"taxonomy":"post_tag","embeddable":true,"href":"https:\/\/www.zunoticia.com\/noticias-de-hidalgo\/wp-json\/wp\/v2\/tags?post=543407"}],"curies":[{"name":"wp","href":"https:\/\/api.w.org\/{rel}","templated":true}]}}