{"id":544190,"date":"2024-06-09T19:56:06","date_gmt":"2024-06-10T01:56:06","guid":{"rendered":"https:\/\/www.zunoticia.com\/noticias-de-hidalgo\/?p=544190"},"modified":"2024-06-09T19:56:09","modified_gmt":"2024-06-10T01:56:09","slug":"solicitan-rehabilitacion-de-parque-emblematico","status":"publish","type":"post","link":"https:\/\/www.zunoticia.com\/noticias-de-hidalgo\/2024\/06\/09\/solicitan-rehabilitacion-de-parque-emblematico\/","title":{"rendered":"Solicitan rehabilitaci\u00f3n de parque emblem\u00e1tico"},"content":{"rendered":"<aside class=\"mashsb-container mashsb-main mashsb-stretched\"><div class=\"mashsb-box\"><div class=\"mashsb-count mash-large\" style=\"float:left\"><div class=\"counts mashsbcount\">10<\/div><span class=\"mashsb-sharetext\">SHARES<\/span><\/div><div class=\"mashsb-buttons\"><a class=\"mashicon-facebook mash-large mash-center mashsb-noshadow\" href=\"https:\/\/www.facebook.com\/sharer.php?u=https%3A%2F%2Fwww.zunoticia.com%2Fnoticias-de-hidalgo%2F2024%2F06%2F09%2Fsolicitan-rehabilitacion-de-parque-emblematico%2F\" target=\"_top\" rel=\"nofollow\"><span class=\"icon\"><\/span><span class=\"text\">Share<\/span><\/a><a class=\"mashicon-twitter mash-large mash-center mashsb-noshadow\" href=\"https:\/\/twitter.com\/intent\/tweet?text=&amp;url=https:\/\/www.zunoticia.com\/noticias-de-hidalgo\/2024\/06\/09\/solicitan-rehabilitacion-de-parque-emblematico\/\" target=\"_top\" rel=\"nofollow\"><span class=\"icon\"><\/span><span class=\"text\">Tweet<\/span><\/a><div class=\"onoffswitch2 mash-large mashsb-noshadow\" style=\"display:none\"><\/div><\/div>\n            <\/div>\n                <div style=\"clear:both\"><\/div><div class=\"mashsb-toggle-container\"><\/div><\/aside>\n            <!-- Share buttons by mashshare.net - Version: 4.0.47-->\n<p><em>Por Salvador Altamirano\/Zunoticia<\/em><\/p>\n\n\n\n<p><strong>Huejutla, Hgo.-<\/strong> Habitantes de la Colonia Cerecedo Estrada manifestaron que, el parque del sector es emblem\u00e1tico, ya que ostenta el nombre de un americano general revolucionario de la regi\u00f3n.<\/p>\n\n\n\n<p>Agregaron que, por tal motivo y porque estos lugares de entretenimiento son necesarios, solicitan a la pr\u00f3xima administraci\u00f3n municipal que autorice un proyecto integral de rehabilitaci\u00f3n.<\/p>\n\n\n\n<figure class=\"wp-block-image size-full\"><img fetchpriority=\"high\" decoding=\"async\" width=\"1600\" height=\"1200\" src=\"https:\/\/www.zunoticia.com\/noticias-de-hidalgo\/wp-content\/uploads\/2024\/06\/eZy-Watermark_09-06-2024_07-45-22-3010p.m.jpg\" alt=\"\" class=\"wp-image-544191\"\/><\/figure>\n\n\n\n<p>A pregunta expresa detallaron que, las jardineras del espacio recreativo est\u00e1n cuarteadas, en riesgo de colapsar, por lo que es necesaria una reparaci\u00f3n plena de estas.<\/p>\n\n\n\n<p>Comentaron que, al parque le hace falta mantenimiento, por lo que ser\u00eda pertinente que se sembraran plantas en las jardineras para darles vida, en las cuales hay suficiente espacio y tierra, la cual est\u00e1 reseca, \u00e1rida por falta de mantenimiento, reiteraron.<\/p>\n\n\n\n<figure class=\"wp-block-image size-full\"><img decoding=\"async\" width=\"1600\" height=\"1200\" src=\"https:\/\/www.zunoticia.com\/noticias-de-hidalgo\/wp-content\/uploads\/2024\/06\/eZy-Watermark_09-06-2024_07-45-43-7690p.m.jpg\" alt=\"\" class=\"wp-image-544193\"\/><\/figure>\n\n\n\n<p>Para finalizar, comentaron que, el &#8220;Parque Daniel Cerecedo Estrada&#8221; es emblem\u00e1tico porque perpet\u00faa el nombre de quien fue un destacado general revolucionario, gobernador interino del Estado de Hidalgo, quien fue asesinado cuando compet\u00eda por la elecci\u00f3n institucional.<\/p>\n","protected":false},"excerpt":{"rendered":"<p>Por Salvador Altamirano\/Zunoticia Huejutla, Hgo.- Habitantes de la Colonia Cerecedo Estrada manifestaron que, el parque del sector es emblem\u00e1tico, ya que ostenta el nombre de un americano general revolucionario de la regi\u00f3n. Agregaron que, por tal motivo y porque estos lugares de entretenimiento son necesarios, solicitan a la pr\u00f3xima administraci\u00f3n municipal que autorice un proyecto&hellip; <a class=\"more-link\" href=\"https:\/\/www.zunoticia.com\/noticias-de-hidalgo\/2024\/06\/09\/solicitan-rehabilitacion-de-parque-emblematico\/\">Seguir leyendo <span class=\"screen-reader-text\">Solicitan rehabilitaci\u00f3n de parque emblem\u00e1tico<\/span><\/a><\/p>\n","protected":false},"author":12,"featured_media":544192,"comment_status":"open","ping_status":"open","sticky":false,"template":"","format":"standard","meta":{"rop_custom_images_group":[],"rop_custom_messages_group":[],"rop_publish_now":"yes","rop_publish_now_accounts":{"facebook_10159540855086992_322828327761733":"#HuejutlaDeReyes #HuastecaHidalguense | Habitantes de la Colonia Cerecedo Estrada manifestaron que, el parque del sector...\u00a0Ent\u00e9rate\u2b07"},"rop_publish_now_history":[],"rop_publish_now_status":"pending","footnotes":""},"categories":[181],"tags":[121],"class_list":["post-544190","post","type-post","status-publish","format-standard","has-post-thumbnail","hentry","category-huejutla","tag-huejutla","entry"],"_links":{"self":[{"href":"https:\/\/www.zunoticia.com\/noticias-de-hidalgo\/wp-json\/wp\/v2\/posts\/544190","targetHints":{"allow":["GET"]}}],"collection":[{"href":"https:\/\/www.zunoticia.com\/noticias-de-hidalgo\/wp-json\/wp\/v2\/posts"}],"about":[{"href":"https:\/\/www.zunoticia.com\/noticias-de-hidalgo\/wp-json\/wp\/v2\/types\/post"}],"author":[{"embeddable":true,"href":"https:\/\/www.zunoticia.com\/noticias-de-hidalgo\/wp-json\/wp\/v2\/users\/12"}],"replies":[{"embeddable":true,"href":"https:\/\/www.zunoticia.com\/noticias-de-hidalgo\/wp-json\/wp\/v2\/comments?post=544190"}],"version-history":[{"count":1,"href":"https:\/\/www.zunoticia.com\/noticias-de-hidalgo\/wp-json\/wp\/v2\/posts\/544190\/revisions"}],"predecessor-version":[{"id":544197,"href":"https:\/\/www.zunoticia.com\/noticias-de-hidalgo\/wp-json\/wp\/v2\/posts\/544190\/revisions\/544197"}],"wp:featuredmedia":[{"embeddable":true,"href":"https:\/\/www.zunoticia.com\/noticias-de-hidalgo\/wp-json\/wp\/v2\/media\/544192"}],"wp:attachment":[{"href":"https:\/\/www.zunoticia.com\/noticias-de-hidalgo\/wp-json\/wp\/v2\/media?parent=544190"}],"wp:term":[{"taxonomy":"category","embeddable":true,"href":"https:\/\/www.zunoticia.com\/noticias-de-hidalgo\/wp-json\/wp\/v2\/categories?post=544190"},{"taxonomy":"post_tag","embeddable":true,"href":"https:\/\/www.zunoticia.com\/noticias-de-hidalgo\/wp-json\/wp\/v2\/tags?post=544190"}],"curies":[{"name":"wp","href":"https:\/\/api.w.org\/{rel}","templated":true}]}}