{"id":544250,"date":"2024-06-10T16:46:02","date_gmt":"2024-06-10T22:46:02","guid":{"rendered":"https:\/\/www.zunoticia.com\/noticias-de-hidalgo\/?p=544250"},"modified":"2024-06-10T16:46:06","modified_gmt":"2024-06-10T22:46:06","slug":"reanudan-servicios-los-modulos-moviles-de-atencion-ciudadana-del-ine","status":"publish","type":"post","link":"https:\/\/www.zunoticia.com\/noticias-de-hidalgo\/2024\/06\/10\/reanudan-servicios-los-modulos-moviles-de-atencion-ciudadana-del-ine\/","title":{"rendered":"Reanudan servicios los M\u00f3dulos M\u00f3viles de Atenci\u00f3n Ciudadana del INE"},"content":{"rendered":"<aside class=\"mashsb-container mashsb-main mashsb-stretched\"><div class=\"mashsb-box\"><div class=\"mashsb-count mash-large\" style=\"float:left\"><div class=\"counts mashsbcount\">12<\/div><span class=\"mashsb-sharetext\">SHARES<\/span><\/div><div class=\"mashsb-buttons\"><a class=\"mashicon-facebook mash-large mash-center mashsb-noshadow\" href=\"https:\/\/www.facebook.com\/sharer.php?u=https%3A%2F%2Fwww.zunoticia.com%2Fnoticias-de-hidalgo%2F2024%2F06%2F10%2Freanudan-servicios-los-modulos-moviles-de-atencion-ciudadana-del-ine%2F\" target=\"_top\" rel=\"nofollow\"><span class=\"icon\"><\/span><span class=\"text\">Share<\/span><\/a><a class=\"mashicon-twitter mash-large mash-center mashsb-noshadow\" href=\"https:\/\/twitter.com\/intent\/tweet?text=&amp;url=https:\/\/www.zunoticia.com\/noticias-de-hidalgo\/2024\/06\/10\/reanudan-servicios-los-modulos-moviles-de-atencion-ciudadana-del-ine\/\" target=\"_top\" rel=\"nofollow\"><span class=\"icon\"><\/span><span class=\"text\">Tweet<\/span><\/a><div class=\"onoffswitch2 mash-large mashsb-noshadow\" style=\"display:none\"><\/div><\/div>\n            <\/div>\n                <div style=\"clear:both\"><\/div><div class=\"mashsb-toggle-container\"><\/div><\/aside>\n            <!-- Share buttons by mashshare.net - Version: 4.0.47-->\n<p><em>Por Enedino Hern\u00e1ndez\/Zunoticia<\/em><\/p>\n\n\n\n<p><strong>Huejutla, Hgo<\/strong>.- A partir de este lunes 10 de junio se reanuda el servicio en los M\u00f3dulos M\u00f3viles de Atenci\u00f3n Ciudadana del Instituto Nacional Electoral (INE) en Huejutla, confirm\u00f3 el vocal del Registro Federal de Electores, Vicente Rodr\u00edguez.<\/p>\n\n\n\n<p>Explic\u00f3 que, el M\u00f3dulo Fijo Distrital realiza la atenci\u00f3n correspondiente desde el lunes 3 de junio, de lunes a s\u00e1bado, de 08:00 a las 15:00 horas, tres de la tarde, en donde los ciudadanos tienen la oportunidad de hacer diversos tr\u00e1mites de la credencial de elector.<\/p>\n\n\n\n<p>Se\u00f1al\u00f3 que, el M\u00f3dulo M\u00f3vil 130152 para esta semana estar\u00e1 el lunes 10 de junio en Papatlatla, Calnali; el martes 11 de junio en Calnali; el mi\u00e9rcoles 12 en Yahualica; el jueves 13 en Acatipa, Xochiatipan y el viernes 14 de junio en Xochiatipan.<\/p>\n\n\n\n<p>Mientras que el M\u00f3dulo M\u00f3vil 130153, este lunes 10 de junio estuvo en Coapixtla, Huejutla; el martes 11 en La Capilla, Jaltoc\u00e1n; el mi\u00e9rcoles 12 en Ahuatitla, San Felipe Orizatl\u00e1n; el jueves 13 en Talol, San Felipe Orizatl\u00e1n y el viernes 14 de junio en Las Piedras, del mismo municipio.<\/p>\n\n\n\n<p>Asimismo, Vicente Rodr\u00edguez confirm\u00f3 que el servicio que se brinda en los M\u00f3dulos M\u00f3viles de Atenci\u00f3n Ciudadana es de lunes a viernes, de 09:00 a las 16:00 horas, cuatro de la tarde.<\/p>\n\n\n\n<p>Concluy\u00f3 citando que, los ciudadanos para tramitar la credencial de elector deben de presentar en originales: el acta de nacimiento, comprobante de domicilio y una identificaci\u00f3n oficial con fotograf\u00eda.<\/p>\n\n\n\n<p><\/p>\n","protected":false},"excerpt":{"rendered":"<p>Por Enedino Hern\u00e1ndez\/Zunoticia Huejutla, Hgo.- A partir de este lunes 10 de junio se reanuda el servicio en los M\u00f3dulos M\u00f3viles de Atenci\u00f3n Ciudadana del Instituto Nacional Electoral (INE) en Huejutla, confirm\u00f3 el vocal del Registro Federal de Electores, Vicente Rodr\u00edguez. Explic\u00f3 que, el M\u00f3dulo Fijo Distrital realiza la atenci\u00f3n correspondiente desde el lunes 3&hellip; <a class=\"more-link\" href=\"https:\/\/www.zunoticia.com\/noticias-de-hidalgo\/2024\/06\/10\/reanudan-servicios-los-modulos-moviles-de-atencion-ciudadana-del-ine\/\">Seguir leyendo <span class=\"screen-reader-text\">Reanudan servicios los M\u00f3dulos M\u00f3viles de Atenci\u00f3n Ciudadana del INE<\/span><\/a><\/p>\n","protected":false},"author":20,"featured_media":544251,"comment_status":"open","ping_status":"open","sticky":false,"template":"","format":"standard","meta":{"rop_custom_images_group":[],"rop_custom_messages_group":[],"rop_publish_now":"yes","rop_publish_now_accounts":{"facebook_10159540855086992_322828327761733":""},"rop_publish_now_history":[],"rop_publish_now_status":"pending","footnotes":""},"categories":[181],"tags":[121],"class_list":["post-544250","post","type-post","status-publish","format-standard","has-post-thumbnail","hentry","category-huejutla","tag-huejutla","entry"],"_links":{"self":[{"href":"https:\/\/www.zunoticia.com\/noticias-de-hidalgo\/wp-json\/wp\/v2\/posts\/544250","targetHints":{"allow":["GET"]}}],"collection":[{"href":"https:\/\/www.zunoticia.com\/noticias-de-hidalgo\/wp-json\/wp\/v2\/posts"}],"about":[{"href":"https:\/\/www.zunoticia.com\/noticias-de-hidalgo\/wp-json\/wp\/v2\/types\/post"}],"author":[{"embeddable":true,"href":"https:\/\/www.zunoticia.com\/noticias-de-hidalgo\/wp-json\/wp\/v2\/users\/20"}],"replies":[{"embeddable":true,"href":"https:\/\/www.zunoticia.com\/noticias-de-hidalgo\/wp-json\/wp\/v2\/comments?post=544250"}],"version-history":[{"count":1,"href":"https:\/\/www.zunoticia.com\/noticias-de-hidalgo\/wp-json\/wp\/v2\/posts\/544250\/revisions"}],"predecessor-version":[{"id":544252,"href":"https:\/\/www.zunoticia.com\/noticias-de-hidalgo\/wp-json\/wp\/v2\/posts\/544250\/revisions\/544252"}],"wp:featuredmedia":[{"embeddable":true,"href":"https:\/\/www.zunoticia.com\/noticias-de-hidalgo\/wp-json\/wp\/v2\/media\/544251"}],"wp:attachment":[{"href":"https:\/\/www.zunoticia.com\/noticias-de-hidalgo\/wp-json\/wp\/v2\/media?parent=544250"}],"wp:term":[{"taxonomy":"category","embeddable":true,"href":"https:\/\/www.zunoticia.com\/noticias-de-hidalgo\/wp-json\/wp\/v2\/categories?post=544250"},{"taxonomy":"post_tag","embeddable":true,"href":"https:\/\/www.zunoticia.com\/noticias-de-hidalgo\/wp-json\/wp\/v2\/tags?post=544250"}],"curies":[{"name":"wp","href":"https:\/\/api.w.org\/{rel}","templated":true}]}}