{"id":544282,"date":"2024-06-10T18:18:19","date_gmt":"2024-06-11T00:18:19","guid":{"rendered":"https:\/\/www.zunoticia.com\/noticias-de-hidalgo\/?p=544282"},"modified":"2024-06-10T18:18:25","modified_gmt":"2024-06-11T00:18:25","slug":"se-secaron-los-naranjales","status":"publish","type":"post","link":"https:\/\/www.zunoticia.com\/noticias-de-hidalgo\/2024\/06\/10\/se-secaron-los-naranjales\/","title":{"rendered":"Se secaron los naranjales"},"content":{"rendered":"<aside class=\"mashsb-container mashsb-main mashsb-stretched\"><div class=\"mashsb-box\"><div class=\"mashsb-count mash-large\" style=\"float:left\"><div class=\"counts mashsbcount\">16<\/div><span class=\"mashsb-sharetext\">SHARES<\/span><\/div><div class=\"mashsb-buttons\"><a class=\"mashicon-facebook mash-large mash-center mashsb-noshadow\" href=\"https:\/\/www.facebook.com\/sharer.php?u=https%3A%2F%2Fwww.zunoticia.com%2Fnoticias-de-hidalgo%2F2024%2F06%2F10%2Fse-secaron-los-naranjales%2F\" target=\"_top\" rel=\"nofollow\"><span class=\"icon\"><\/span><span class=\"text\">Share<\/span><\/a><a class=\"mashicon-twitter mash-large mash-center mashsb-noshadow\" href=\"https:\/\/twitter.com\/intent\/tweet?text=&amp;url=https:\/\/www.zunoticia.com\/noticias-de-hidalgo\/2024\/06\/10\/se-secaron-los-naranjales\/\" target=\"_top\" rel=\"nofollow\"><span class=\"icon\"><\/span><span class=\"text\">Tweet<\/span><\/a><div class=\"onoffswitch2 mash-large mashsb-noshadow\" style=\"display:none\"><\/div><\/div>\n            <\/div>\n                <div style=\"clear:both\"><\/div><div class=\"mashsb-toggle-container\"><\/div><\/aside>\n            <!-- Share buttons by mashshare.net - Version: 4.0.47-->\n<p><em>Por Roberto Meza\/Zunoticia<\/em><\/p>\n\n\n\n<p><strong>Yahualica, Hgo<\/strong>. &#8211; Derivado de la intensa sequ\u00eda que se ha registrado en esta regi\u00f3n de la huasteca, se secaron los naranjales en varias parcelas de este municipio, dejando grandes p\u00e9rdidas econ\u00f3micas para los peque\u00f1os productores de naranja, quienes tienen que iniciar nuevamente con sus cultivos.<\/p>\n\n\n\n<p>Presibindo Lara, resalt\u00f3 que, en los naranjales de Santa Teresa, Zacayuhualt, Crisolco, Tecacalax, se han secado principalmente los que est\u00e1n en las lomas, y se espera un panorama dif\u00edcil con respecto a este producto; ya que tardar\u00edan varios a\u00f1os para poder recuperar los sembrad\u00edos.<\/p>\n\n\n\n<p>Expres\u00f3 que, el intenso calor sec\u00f3 las plantas de naranja, as\u00ed muchos naranjales est\u00e1n siendo afectados por los incendios forestales, por lo que los propietarios de estos sembrad\u00edos tendr\u00e1n que iniciar de \u2018ceros\u2019, sembrado sus plantas y ser\u00e1 en varios a\u00f1os cuando se recupere los \u00e1rboles de naranja.<\/p>\n\n\n\n<p><\/p>\n","protected":false},"excerpt":{"rendered":"<p>Por Roberto Meza\/Zunoticia Yahualica, Hgo. &#8211; Derivado de la intensa sequ\u00eda que se ha registrado en esta regi\u00f3n de la huasteca, se secaron los naranjales en varias parcelas de este municipio, dejando grandes p\u00e9rdidas econ\u00f3micas para los peque\u00f1os productores de naranja, quienes tienen que iniciar nuevamente con sus cultivos. Presibindo Lara, resalt\u00f3 que, en los&hellip; <a class=\"more-link\" href=\"https:\/\/www.zunoticia.com\/noticias-de-hidalgo\/2024\/06\/10\/se-secaron-los-naranjales\/\">Seguir leyendo <span class=\"screen-reader-text\">Se secaron los naranjales<\/span><\/a><\/p>\n","protected":false},"author":20,"featured_media":544283,"comment_status":"open","ping_status":"open","sticky":false,"template":"","format":"standard","meta":{"rop_custom_images_group":[],"rop_custom_messages_group":[],"rop_publish_now":"yes","rop_publish_now_accounts":{"facebook_10159540855086992_322828327761733":""},"rop_publish_now_history":[],"rop_publish_now_status":"pending","footnotes":""},"categories":[179,203],"tags":[229,123],"class_list":["post-544282","post","type-post","status-publish","format-standard","has-post-thumbnail","hentry","category-huasteca","category-yahualica","tag-huasteca","tag-yahualica","entry"],"_links":{"self":[{"href":"https:\/\/www.zunoticia.com\/noticias-de-hidalgo\/wp-json\/wp\/v2\/posts\/544282","targetHints":{"allow":["GET"]}}],"collection":[{"href":"https:\/\/www.zunoticia.com\/noticias-de-hidalgo\/wp-json\/wp\/v2\/posts"}],"about":[{"href":"https:\/\/www.zunoticia.com\/noticias-de-hidalgo\/wp-json\/wp\/v2\/types\/post"}],"author":[{"embeddable":true,"href":"https:\/\/www.zunoticia.com\/noticias-de-hidalgo\/wp-json\/wp\/v2\/users\/20"}],"replies":[{"embeddable":true,"href":"https:\/\/www.zunoticia.com\/noticias-de-hidalgo\/wp-json\/wp\/v2\/comments?post=544282"}],"version-history":[{"count":1,"href":"https:\/\/www.zunoticia.com\/noticias-de-hidalgo\/wp-json\/wp\/v2\/posts\/544282\/revisions"}],"predecessor-version":[{"id":544284,"href":"https:\/\/www.zunoticia.com\/noticias-de-hidalgo\/wp-json\/wp\/v2\/posts\/544282\/revisions\/544284"}],"wp:featuredmedia":[{"embeddable":true,"href":"https:\/\/www.zunoticia.com\/noticias-de-hidalgo\/wp-json\/wp\/v2\/media\/544283"}],"wp:attachment":[{"href":"https:\/\/www.zunoticia.com\/noticias-de-hidalgo\/wp-json\/wp\/v2\/media?parent=544282"}],"wp:term":[{"taxonomy":"category","embeddable":true,"href":"https:\/\/www.zunoticia.com\/noticias-de-hidalgo\/wp-json\/wp\/v2\/categories?post=544282"},{"taxonomy":"post_tag","embeddable":true,"href":"https:\/\/www.zunoticia.com\/noticias-de-hidalgo\/wp-json\/wp\/v2\/tags?post=544282"}],"curies":[{"name":"wp","href":"https:\/\/api.w.org\/{rel}","templated":true}]}}