{"id":545177,"date":"2024-06-15T14:35:52","date_gmt":"2024-06-15T20:35:52","guid":{"rendered":"https:\/\/www.zunoticia.com\/noticias-de-hidalgo\/?p=545177"},"modified":"2024-06-15T14:35:54","modified_gmt":"2024-06-15T20:35:54","slug":"la-debacle-del-pri-se-debio-a-que-salieron-a-la-luz-sus-actos-de-corrupcion-onesimo-perez-lara","status":"publish","type":"post","link":"https:\/\/www.zunoticia.com\/noticias-de-hidalgo\/2024\/06\/15\/la-debacle-del-pri-se-debio-a-que-salieron-a-la-luz-sus-actos-de-corrupcion-onesimo-perez-lara\/","title":{"rendered":"La debacle del PRI se debi\u00f3 a que salieron a la luz sus actos de corrupci\u00f3n: On\u00e9simo P\u00e9rez Lara"},"content":{"rendered":"<aside class=\"mashsb-container mashsb-main mashsb-stretched\"><div class=\"mashsb-box\"><div class=\"mashsb-count mash-large\" style=\"float:left\"><div class=\"counts mashsbcount\">2<\/div><span class=\"mashsb-sharetext\">SHARES<\/span><\/div><div class=\"mashsb-buttons\"><a class=\"mashicon-facebook mash-large mash-center mashsb-noshadow\" href=\"https:\/\/www.facebook.com\/sharer.php?u=https%3A%2F%2Fwww.zunoticia.com%2Fnoticias-de-hidalgo%2F2024%2F06%2F15%2Fla-debacle-del-pri-se-debio-a-que-salieron-a-la-luz-sus-actos-de-corrupcion-onesimo-perez-lara%2F\" target=\"_top\" rel=\"nofollow\"><span class=\"icon\"><\/span><span class=\"text\">Share<\/span><\/a><a class=\"mashicon-twitter mash-large mash-center mashsb-noshadow\" href=\"https:\/\/twitter.com\/intent\/tweet?text=&amp;url=https:\/\/www.zunoticia.com\/noticias-de-hidalgo\/2024\/06\/15\/la-debacle-del-pri-se-debio-a-que-salieron-a-la-luz-sus-actos-de-corrupcion-onesimo-perez-lara\/\" target=\"_top\" rel=\"nofollow\"><span class=\"icon\"><\/span><span class=\"text\">Tweet<\/span><\/a><div class=\"onoffswitch2 mash-large mashsb-noshadow\" style=\"display:none\"><\/div><\/div>\n            <\/div>\n                <div style=\"clear:both\"><\/div><div class=\"mashsb-toggle-container\"><\/div><\/aside>\n            <!-- Share buttons by mashshare.net - Version: 4.0.47-->\n<p><em>Por Salvador Altamirano\/Zunoticia<\/em><\/p>\n\n\n\n<p><strong>Huejutla, Hgo<\/strong>.- Entrevistado en torno a por qu\u00e9 considera que el Partido Revolucionario Institucional (PRI), en las pasadas elecciones pr\u00e1cticamente desapareci\u00f3 en la regi\u00f3n huasteca hidalguense, el ex &#8211; militante tricolor, On\u00e9simo P\u00e9rez Lara, fue contundente al expresar que porque dej\u00f3 de ejercer los principios con que fue formado y se centr\u00f3 en una c\u00fapula.<\/p>\n\n\n\n<p>Enfatiz\u00f3 que, aunado a ello, cuando vino la transici\u00f3n de poderes del presidente de la Rep\u00fablica, Andr\u00e9s Manuel L\u00f3pez Obrador, salieron a la luz todos sus actos de corrupci\u00f3n, la rapi\u00f1a que hac\u00eda del recurso del pa\u00eds, que hoy se les entrega a los adultos mayores a trav\u00e9s de programas.<\/p>\n\n\n\n<p>Agreg\u00f3 que, todo eso vino a redundar en que el PRI se fuera a la debacle; adem\u00e1s nunca cambi\u00f3 el m\u00e9todo para que el ciudadano pudiera elegir de manera libre, como ahora lo est\u00e1 repitiendo el Movimiento de Regeneraci\u00f3n Nacional (MORENA), que si sigue en ese tenor -advirti\u00f3-, va a correr la misma suerte que el PRI.<\/p>\n\n\n\n<p>El ex-candidato del Partido Verde Ecologista de M\u00e9xico (PVEM) a la presidencia municipal de Jaltoc\u00e1n, subray\u00f3 que, no obstante, en pol\u00edtica nadie est\u00e1 muerto, todo puede suceder porque depende del ciudadano. Hay est\u00e1 el caso de Jaltoc\u00e1n -se\u00f1al\u00f3-, en donde parec\u00eda que iba a darse un cambio, pero un poco m\u00e1s de 200 personas, quienes, en su libre derecho, haya sido como haya sido, coartados o comprados, eligieron, y eso es lo que se tiene que respetar.<br>Al inquirirle si considera que MORENA tiene el mismo prop\u00f3sito del PRI de perpetuarse en el poder, refiri\u00f3 que es complicado pensarlo de esa manera, ya que el pueblo est\u00e1 muy politizado. Ideol\u00f3gicamente soy obradorista -acentu\u00f3-, pero no practico ni conf\u00edo en los procedimientos de MORENA.<\/p>\n\n\n\n<p>Para finalizar, P\u00e9rez Lara reiter\u00f3, aunque sigue los ideales de L\u00f3pez Obrador, considera que su sexenio, que est\u00e1 por concluir, tuvo cosas buenas, regulares y malas, por lo que si me pides que lo califique -dijo-, le pondr\u00eda un &#8220;8&#8221;.<\/p>\n\n\n\n<p><\/p>\n","protected":false},"excerpt":{"rendered":"<p>Por Salvador Altamirano\/Zunoticia Huejutla, Hgo.- Entrevistado en torno a por qu\u00e9 considera que el Partido Revolucionario Institucional (PRI), en las pasadas elecciones pr\u00e1cticamente desapareci\u00f3 en la regi\u00f3n huasteca hidalguense, el ex &#8211; militante tricolor, On\u00e9simo P\u00e9rez Lara, fue contundente al expresar que porque dej\u00f3 de ejercer los principios con que fue formado y se centr\u00f3&hellip; <a class=\"more-link\" href=\"https:\/\/www.zunoticia.com\/noticias-de-hidalgo\/2024\/06\/15\/la-debacle-del-pri-se-debio-a-que-salieron-a-la-luz-sus-actos-de-corrupcion-onesimo-perez-lara\/\">Seguir leyendo <span class=\"screen-reader-text\">La debacle del PRI se debi\u00f3 a que salieron a la luz sus actos de corrupci\u00f3n: On\u00e9simo P\u00e9rez Lara<\/span><\/a><\/p>\n","protected":false},"author":20,"featured_media":545178,"comment_status":"open","ping_status":"open","sticky":false,"template":"","format":"standard","meta":{"rop_custom_images_group":[],"rop_custom_messages_group":[],"rop_publish_now":"yes","rop_publish_now_accounts":{"facebook_10159540855086992_322828327761733":""},"rop_publish_now_history":[],"rop_publish_now_status":"pending","footnotes":""},"categories":[181],"tags":[121],"class_list":["post-545177","post","type-post","status-publish","format-standard","has-post-thumbnail","hentry","category-huejutla","tag-huejutla","entry"],"_links":{"self":[{"href":"https:\/\/www.zunoticia.com\/noticias-de-hidalgo\/wp-json\/wp\/v2\/posts\/545177","targetHints":{"allow":["GET"]}}],"collection":[{"href":"https:\/\/www.zunoticia.com\/noticias-de-hidalgo\/wp-json\/wp\/v2\/posts"}],"about":[{"href":"https:\/\/www.zunoticia.com\/noticias-de-hidalgo\/wp-json\/wp\/v2\/types\/post"}],"author":[{"embeddable":true,"href":"https:\/\/www.zunoticia.com\/noticias-de-hidalgo\/wp-json\/wp\/v2\/users\/20"}],"replies":[{"embeddable":true,"href":"https:\/\/www.zunoticia.com\/noticias-de-hidalgo\/wp-json\/wp\/v2\/comments?post=545177"}],"version-history":[{"count":1,"href":"https:\/\/www.zunoticia.com\/noticias-de-hidalgo\/wp-json\/wp\/v2\/posts\/545177\/revisions"}],"predecessor-version":[{"id":545179,"href":"https:\/\/www.zunoticia.com\/noticias-de-hidalgo\/wp-json\/wp\/v2\/posts\/545177\/revisions\/545179"}],"wp:featuredmedia":[{"embeddable":true,"href":"https:\/\/www.zunoticia.com\/noticias-de-hidalgo\/wp-json\/wp\/v2\/media\/545178"}],"wp:attachment":[{"href":"https:\/\/www.zunoticia.com\/noticias-de-hidalgo\/wp-json\/wp\/v2\/media?parent=545177"}],"wp:term":[{"taxonomy":"category","embeddable":true,"href":"https:\/\/www.zunoticia.com\/noticias-de-hidalgo\/wp-json\/wp\/v2\/categories?post=545177"},{"taxonomy":"post_tag","embeddable":true,"href":"https:\/\/www.zunoticia.com\/noticias-de-hidalgo\/wp-json\/wp\/v2\/tags?post=545177"}],"curies":[{"name":"wp","href":"https:\/\/api.w.org\/{rel}","templated":true}]}}