{"id":545180,"date":"2024-06-15T14:45:54","date_gmt":"2024-06-15T20:45:54","guid":{"rendered":"https:\/\/www.zunoticia.com\/noticias-de-hidalgo\/?p=545180"},"modified":"2024-06-15T14:45:57","modified_gmt":"2024-06-15T20:45:57","slug":"continua-la-exposicion-artesanal-en-la-plaza-21-de-mayo","status":"publish","type":"post","link":"https:\/\/www.zunoticia.com\/noticias-de-hidalgo\/2024\/06\/15\/continua-la-exposicion-artesanal-en-la-plaza-21-de-mayo\/","title":{"rendered":"Continua la Exposici\u00f3n artesanal en la plaza 21 de Mayo"},"content":{"rendered":"<aside class=\"mashsb-container mashsb-main mashsb-stretched\"><div class=\"mashsb-box\"><div class=\"mashsb-count mash-large\" style=\"float:left\"><div class=\"counts mashsbcount\">3<\/div><span class=\"mashsb-sharetext\">SHARES<\/span><\/div><div class=\"mashsb-buttons\"><a class=\"mashicon-facebook mash-large mash-center mashsb-noshadow\" href=\"https:\/\/www.facebook.com\/sharer.php?u=https%3A%2F%2Fwww.zunoticia.com%2Fnoticias-de-hidalgo%2F2024%2F06%2F15%2Fcontinua-la-exposicion-artesanal-en-la-plaza-21-de-mayo%2F\" target=\"_top\" rel=\"nofollow\"><span class=\"icon\"><\/span><span class=\"text\">Share<\/span><\/a><a class=\"mashicon-twitter mash-large mash-center mashsb-noshadow\" href=\"https:\/\/twitter.com\/intent\/tweet?text=&amp;url=https:\/\/www.zunoticia.com\/noticias-de-hidalgo\/2024\/06\/15\/continua-la-exposicion-artesanal-en-la-plaza-21-de-mayo\/\" target=\"_top\" rel=\"nofollow\"><span class=\"icon\"><\/span><span class=\"text\">Tweet<\/span><\/a><div class=\"onoffswitch2 mash-large mashsb-noshadow\" style=\"display:none\"><\/div><\/div>\n            <\/div>\n                <div style=\"clear:both\"><\/div><div class=\"mashsb-toggle-container\"><\/div><\/aside>\n            <!-- Share buttons by mashshare.net - Version: 4.0.47-->\n<p><em>Por Enedino Hern\u00e1ndez\/Zunoticia<\/em><\/p>\n\n\n\n<p><strong>Huejutla, Hgo.-<\/strong> Con resultados satisfactorios avanza la Exposici\u00f3n artesanal que actualmente se tiene en la plaza 21 de Mayo, confirm\u00f3 personal del \u00e1rea de Reglamentos de la presidencia de Huejutla.<\/p>\n\n\n\n<p>Es importante se\u00f1alar que, la Exposici\u00f3n artesanal inici\u00f3 el pasado viernes 7 y se extender\u00e1 hasta el viernes 21 de junio; en donde se cuenta con la presencia de un buen n\u00famero de artesanos, provenientes de diversos puntos del pa\u00eds, quienes exponen diversos productos.<\/p>\n\n\n\n<p>Por espacio de dos semanas consecutivas se tiene la Exposici\u00f3n artesanal, esta es la segunda que se realiza en lo que va del a\u00f1o, y en donde se reportan resultados satisfactorios para los expositores.<\/p>\n\n\n\n<p>La exposici\u00f3n artesanal se realiza a trav\u00e9s del grupo conocido como \u201cManos con Arte\u201d, el cual trae consigo a un buen n\u00famero de artesanos expositores; ya anteriormente estuvieron en Huejutla y esta es la segunda ocasi\u00f3n que lo hacen.<\/p>\n\n\n\n<p><\/p>\n","protected":false},"excerpt":{"rendered":"<p>Por Enedino Hern\u00e1ndez\/Zunoticia Huejutla, Hgo.- Con resultados satisfactorios avanza la Exposici\u00f3n artesanal que actualmente se tiene en la plaza 21 de Mayo, confirm\u00f3 personal del \u00e1rea de Reglamentos de la presidencia de Huejutla. Es importante se\u00f1alar que, la Exposici\u00f3n artesanal inici\u00f3 el pasado viernes 7 y se extender\u00e1 hasta el viernes 21 de junio; en&hellip; <a class=\"more-link\" href=\"https:\/\/www.zunoticia.com\/noticias-de-hidalgo\/2024\/06\/15\/continua-la-exposicion-artesanal-en-la-plaza-21-de-mayo\/\">Seguir leyendo <span class=\"screen-reader-text\">Continua la Exposici\u00f3n artesanal en la plaza 21 de Mayo<\/span><\/a><\/p>\n","protected":false},"author":20,"featured_media":545181,"comment_status":"open","ping_status":"open","sticky":false,"template":"","format":"standard","meta":{"rop_custom_images_group":[],"rop_custom_messages_group":[],"rop_publish_now":"yes","rop_publish_now_accounts":{"facebook_10159540855086992_322828327761733":""},"rop_publish_now_history":[],"rop_publish_now_status":"pending","footnotes":""},"categories":[181],"tags":[121],"class_list":["post-545180","post","type-post","status-publish","format-standard","has-post-thumbnail","hentry","category-huejutla","tag-huejutla","entry"],"_links":{"self":[{"href":"https:\/\/www.zunoticia.com\/noticias-de-hidalgo\/wp-json\/wp\/v2\/posts\/545180","targetHints":{"allow":["GET"]}}],"collection":[{"href":"https:\/\/www.zunoticia.com\/noticias-de-hidalgo\/wp-json\/wp\/v2\/posts"}],"about":[{"href":"https:\/\/www.zunoticia.com\/noticias-de-hidalgo\/wp-json\/wp\/v2\/types\/post"}],"author":[{"embeddable":true,"href":"https:\/\/www.zunoticia.com\/noticias-de-hidalgo\/wp-json\/wp\/v2\/users\/20"}],"replies":[{"embeddable":true,"href":"https:\/\/www.zunoticia.com\/noticias-de-hidalgo\/wp-json\/wp\/v2\/comments?post=545180"}],"version-history":[{"count":1,"href":"https:\/\/www.zunoticia.com\/noticias-de-hidalgo\/wp-json\/wp\/v2\/posts\/545180\/revisions"}],"predecessor-version":[{"id":545182,"href":"https:\/\/www.zunoticia.com\/noticias-de-hidalgo\/wp-json\/wp\/v2\/posts\/545180\/revisions\/545182"}],"wp:featuredmedia":[{"embeddable":true,"href":"https:\/\/www.zunoticia.com\/noticias-de-hidalgo\/wp-json\/wp\/v2\/media\/545181"}],"wp:attachment":[{"href":"https:\/\/www.zunoticia.com\/noticias-de-hidalgo\/wp-json\/wp\/v2\/media?parent=545180"}],"wp:term":[{"taxonomy":"category","embeddable":true,"href":"https:\/\/www.zunoticia.com\/noticias-de-hidalgo\/wp-json\/wp\/v2\/categories?post=545180"},{"taxonomy":"post_tag","embeddable":true,"href":"https:\/\/www.zunoticia.com\/noticias-de-hidalgo\/wp-json\/wp\/v2\/tags?post=545180"}],"curies":[{"name":"wp","href":"https:\/\/api.w.org\/{rel}","templated":true}]}}