{"id":545194,"date":"2024-06-15T15:36:23","date_gmt":"2024-06-15T21:36:23","guid":{"rendered":"https:\/\/www.zunoticia.com\/noticias-de-hidalgo\/?p=545194"},"modified":"2024-06-15T15:36:26","modified_gmt":"2024-06-15T21:36:26","slug":"error-designar-como-delegados-a-maestros-en-funciones","status":"publish","type":"post","link":"https:\/\/www.zunoticia.com\/noticias-de-hidalgo\/2024\/06\/15\/error-designar-como-delegados-a-maestros-en-funciones\/","title":{"rendered":"Error designar como delegados a maestros en funciones"},"content":{"rendered":"<aside class=\"mashsb-container mashsb-main mashsb-stretched\"><div class=\"mashsb-box\"><div class=\"mashsb-count mash-large\" style=\"float:left\"><div class=\"counts mashsbcount\">8<\/div><span class=\"mashsb-sharetext\">SHARES<\/span><\/div><div class=\"mashsb-buttons\"><a class=\"mashicon-facebook mash-large mash-center mashsb-noshadow\" href=\"https:\/\/www.facebook.com\/sharer.php?u=https%3A%2F%2Fwww.zunoticia.com%2Fnoticias-de-hidalgo%2F2024%2F06%2F15%2Ferror-designar-como-delegados-a-maestros-en-funciones%2F\" target=\"_top\" rel=\"nofollow\"><span class=\"icon\"><\/span><span class=\"text\">Share<\/span><\/a><a class=\"mashicon-twitter mash-large mash-center mashsb-noshadow\" href=\"https:\/\/twitter.com\/intent\/tweet?text=&amp;url=https:\/\/www.zunoticia.com\/noticias-de-hidalgo\/2024\/06\/15\/error-designar-como-delegados-a-maestros-en-funciones\/\" target=\"_top\" rel=\"nofollow\"><span class=\"icon\"><\/span><span class=\"text\">Tweet<\/span><\/a><div class=\"onoffswitch2 mash-large mashsb-noshadow\" style=\"display:none\"><\/div><\/div>\n            <\/div>\n                <div style=\"clear:both\"><\/div><div class=\"mashsb-toggle-container\"><\/div><\/aside>\n            <!-- Share buttons by mashshare.net - Version: 4.0.47-->\n<p><em>Por Salvador Altamirano\/Zunoticia<\/em><\/p>\n\n\n\n<p><strong>Huejutla, Hgo.-<\/strong> Personas residentes en diferentes colonias de la cabecera, coincidieron al expresar que es un error, muy reiterado, designar como delegado municipal a un docente en funciones, ya que tiene capacidad, pero le falta tiempo.<\/p>\n\n\n\n<p>Explicaron que, gestionar un beneficio ante cualquier instancia de la presidencia municipal, no se limita nada m\u00e1s a ingresar una solicitud, un representante delegacional tiene que esperar horas para que lo atiendan.<\/p>\n\n\n\n<p>Agregaron que, un maestro en funciones no tiene tiempo para realizar gestiones, ya que su horario laboral es el mismo de una oficina gubernamental, por lo que no hay compatibilidad de oportunidad.<\/p>\n\n\n\n<p>Al respecto, Margarita D\u00edaz L\u00f3pez, advirti\u00f3 que elegir como representante delegacional a un docente en funciones resulta hasta contraproducente para uno mismo como representado, ya que, si se necesita alg\u00fan documento o firma con urgencia, hay que esperar hasta que el maestro llegue a su casa del su trabajo.<\/p>\n\n\n\n<p>Para concluir, sugiri\u00f3 que lo conveniente, si se quiere a un maestro como representante, es que sea jubilado, ya que tendr\u00e1 tiempo y capacidad para gestionar una obra, as\u00ed habr\u00e1 progreso y no retraso.<\/p>\n\n\n\n<p><\/p>\n","protected":false},"excerpt":{"rendered":"<p>Por Salvador Altamirano\/Zunoticia Huejutla, Hgo.- Personas residentes en diferentes colonias de la cabecera, coincidieron al expresar que es un error, muy reiterado, designar como delegado municipal a un docente en funciones, ya que tiene capacidad, pero le falta tiempo. Explicaron que, gestionar un beneficio ante cualquier instancia de la presidencia municipal, no se limita nada&hellip; <a class=\"more-link\" href=\"https:\/\/www.zunoticia.com\/noticias-de-hidalgo\/2024\/06\/15\/error-designar-como-delegados-a-maestros-en-funciones\/\">Seguir leyendo <span class=\"screen-reader-text\">Error designar como delegados a maestros en funciones<\/span><\/a><\/p>\n","protected":false},"author":20,"featured_media":545195,"comment_status":"open","ping_status":"open","sticky":false,"template":"","format":"standard","meta":{"rop_custom_images_group":[],"rop_custom_messages_group":[],"rop_publish_now":"yes","rop_publish_now_accounts":{"facebook_10159540855086992_322828327761733":""},"rop_publish_now_history":[],"rop_publish_now_status":"pending","footnotes":""},"categories":[181],"tags":[121],"class_list":["post-545194","post","type-post","status-publish","format-standard","has-post-thumbnail","hentry","category-huejutla","tag-huejutla","entry"],"_links":{"self":[{"href":"https:\/\/www.zunoticia.com\/noticias-de-hidalgo\/wp-json\/wp\/v2\/posts\/545194","targetHints":{"allow":["GET"]}}],"collection":[{"href":"https:\/\/www.zunoticia.com\/noticias-de-hidalgo\/wp-json\/wp\/v2\/posts"}],"about":[{"href":"https:\/\/www.zunoticia.com\/noticias-de-hidalgo\/wp-json\/wp\/v2\/types\/post"}],"author":[{"embeddable":true,"href":"https:\/\/www.zunoticia.com\/noticias-de-hidalgo\/wp-json\/wp\/v2\/users\/20"}],"replies":[{"embeddable":true,"href":"https:\/\/www.zunoticia.com\/noticias-de-hidalgo\/wp-json\/wp\/v2\/comments?post=545194"}],"version-history":[{"count":1,"href":"https:\/\/www.zunoticia.com\/noticias-de-hidalgo\/wp-json\/wp\/v2\/posts\/545194\/revisions"}],"predecessor-version":[{"id":545196,"href":"https:\/\/www.zunoticia.com\/noticias-de-hidalgo\/wp-json\/wp\/v2\/posts\/545194\/revisions\/545196"}],"wp:featuredmedia":[{"embeddable":true,"href":"https:\/\/www.zunoticia.com\/noticias-de-hidalgo\/wp-json\/wp\/v2\/media\/545195"}],"wp:attachment":[{"href":"https:\/\/www.zunoticia.com\/noticias-de-hidalgo\/wp-json\/wp\/v2\/media?parent=545194"}],"wp:term":[{"taxonomy":"category","embeddable":true,"href":"https:\/\/www.zunoticia.com\/noticias-de-hidalgo\/wp-json\/wp\/v2\/categories?post=545194"},{"taxonomy":"post_tag","embeddable":true,"href":"https:\/\/www.zunoticia.com\/noticias-de-hidalgo\/wp-json\/wp\/v2\/tags?post=545194"}],"curies":[{"name":"wp","href":"https:\/\/api.w.org\/{rel}","templated":true}]}}