{"id":545233,"date":"2024-06-15T18:04:49","date_gmt":"2024-06-16T00:04:49","guid":{"rendered":"https:\/\/www.zunoticia.com\/noticias-de-hidalgo\/?p=545233"},"modified":"2024-06-15T18:04:53","modified_gmt":"2024-06-16T00:04:53","slug":"por-amor-a-mi-planeta-planta-almendros-en-banquetas","status":"publish","type":"post","link":"https:\/\/www.zunoticia.com\/noticias-de-hidalgo\/2024\/06\/15\/por-amor-a-mi-planeta-planta-almendros-en-banquetas\/","title":{"rendered":"\u201cPor amor a mi planeta\u201d planta almendros en banquetas"},"content":{"rendered":"<aside class=\"mashsb-container mashsb-main mashsb-stretched\"><div class=\"mashsb-box\"><div class=\"mashsb-count mash-large\" style=\"float:left\"><div class=\"counts mashsbcount\">14<\/div><span class=\"mashsb-sharetext\">SHARES<\/span><\/div><div class=\"mashsb-buttons\"><a class=\"mashicon-facebook mash-large mash-center mashsb-noshadow\" href=\"https:\/\/www.facebook.com\/sharer.php?u=https%3A%2F%2Fwww.zunoticia.com%2Fnoticias-de-hidalgo%2F2024%2F06%2F15%2Fpor-amor-a-mi-planeta-planta-almendros-en-banquetas%2F\" target=\"_top\" rel=\"nofollow\"><span class=\"icon\"><\/span><span class=\"text\">Share<\/span><\/a><a class=\"mashicon-twitter mash-large mash-center mashsb-noshadow\" href=\"https:\/\/twitter.com\/intent\/tweet?text=&amp;url=https:\/\/www.zunoticia.com\/noticias-de-hidalgo\/2024\/06\/15\/por-amor-a-mi-planeta-planta-almendros-en-banquetas\/\" target=\"_top\" rel=\"nofollow\"><span class=\"icon\"><\/span><span class=\"text\">Tweet<\/span><\/a><div class=\"onoffswitch2 mash-large mashsb-noshadow\" style=\"display:none\"><\/div><\/div>\n            <\/div>\n                <div style=\"clear:both\"><\/div><div class=\"mashsb-toggle-container\"><\/div><\/aside>\n            <!-- Share buttons by mashshare.net - Version: 4.0.47-->\n<p><em>Por Enedino Hern\u00e1ndez\/Zunoticia<\/em><\/p>\n\n\n\n<p><strong>Huejutla, Hgo<\/strong>. &#8211; Como parte de las acciones enfocadas a fortalecer al medio ambiente, integrantes de \u201cPor amor a mi planeta\u201d, movimiento ecol\u00f3gico, iniciaron los trabajos correspondientes con la plantaci\u00f3n de almendros por banquetas en las cabeceras municipales de la regi\u00f3n huasteca.<\/p>\n\n\n\n<p>La presidenta del citado organismo ambiental, Andrea Arenas, expone que el \u2018efecto invernadero\u2019 se produce por la falta de \u00e1rboles, los intensos rayos solares provocan en el ser humano el estr\u00e9s, agotamiento y la falta de energ\u00eda.<\/p>\n\n\n\n<p>Por este motivo, dijo que, los \u00e1rboles son los captadores de este efecto y ayudan a reducir las altas temperaturas, por ello; a partir de este s\u00e1bado 15 de junio y durante todos los fines de semana se procede a plantar almendros en las banquetas de las cabeceras municipales.<\/p>\n\n\n\n<p>Dijo que, las acciones correspondientes iniciaron por las banquetas de la zona urbana, as\u00ed como en espacios aleda\u00f1os al \u00e1rea del Banco Bienestar en el municipio de Huautla.<\/p>\n\n\n\n<p>Andrea Arenas, agradeci\u00f3 puntualmente a todos los ciudadanos que de alguna manera participaron en esta actividad que va encaminada a buscar el bien de todos, destacando que las acciones continuar\u00e1n cada fin de semana.<\/p>\n\n\n\n<p>Concluy\u00f3 que, una vez que terminen los trabajos en el municipio de Huautla se proceder\u00e1 en hacer lo propio en Huejutla y as\u00ed sucesivamente en el resto de los municipios de esta zona de Hidalgo; se tiene la idea principal de plantar el mayor n\u00famero de arbolitos que sea posible y que los ciudadanos asuman conscientemente el compromiso de cuidarlos para que crezcan.<\/p>\n\n\n\n<figure class=\"wp-block-gallery has-nested-images columns-default is-cropped wp-block-gallery-1 is-layout-flex wp-block-gallery-is-layout-flex\">\n<figure class=\"wp-block-image size-large\"><img fetchpriority=\"high\" decoding=\"async\" width=\"933\" height=\"524\" data-id=\"545236\" src=\"https:\/\/www.zunoticia.com\/noticias-de-hidalgo\/wp-content\/uploads\/2024\/06\/Zunoticia-Huejutla-2-43.png\" alt=\"\" class=\"wp-image-545236\"\/><\/figure>\n\n\n\n<figure class=\"wp-block-image size-large\"><img decoding=\"async\" width=\"933\" height=\"524\" data-id=\"545235\" src=\"https:\/\/www.zunoticia.com\/noticias-de-hidalgo\/wp-content\/uploads\/2024\/06\/Zunoticia-Huejutla-1-112.png\" alt=\"\" class=\"wp-image-545235\"\/><\/figure>\n<\/figure>\n","protected":false},"excerpt":{"rendered":"<p>Por Enedino Hern\u00e1ndez\/Zunoticia Huejutla, Hgo. &#8211; Como parte de las acciones enfocadas a fortalecer al medio ambiente, integrantes de \u201cPor amor a mi planeta\u201d, movimiento ecol\u00f3gico, iniciaron los trabajos correspondientes con la plantaci\u00f3n de almendros por banquetas en las cabeceras municipales de la regi\u00f3n huasteca. La presidenta del citado organismo ambiental, Andrea Arenas, expone que&hellip; <a class=\"more-link\" href=\"https:\/\/www.zunoticia.com\/noticias-de-hidalgo\/2024\/06\/15\/por-amor-a-mi-planeta-planta-almendros-en-banquetas\/\">Seguir leyendo <span class=\"screen-reader-text\">\u201cPor amor a mi planeta\u201d planta almendros en banquetas<\/span><\/a><\/p>\n","protected":false},"author":20,"featured_media":545234,"comment_status":"open","ping_status":"open","sticky":false,"template":"","format":"standard","meta":{"rop_custom_images_group":[],"rop_custom_messages_group":[],"rop_publish_now":"yes","rop_publish_now_accounts":{"facebook_10159540855086992_322828327761733":""},"rop_publish_now_history":[],"rop_publish_now_status":"pending","footnotes":""},"categories":[181],"tags":[121],"class_list":["post-545233","post","type-post","status-publish","format-standard","has-post-thumbnail","hentry","category-huejutla","tag-huejutla","entry"],"_links":{"self":[{"href":"https:\/\/www.zunoticia.com\/noticias-de-hidalgo\/wp-json\/wp\/v2\/posts\/545233","targetHints":{"allow":["GET"]}}],"collection":[{"href":"https:\/\/www.zunoticia.com\/noticias-de-hidalgo\/wp-json\/wp\/v2\/posts"}],"about":[{"href":"https:\/\/www.zunoticia.com\/noticias-de-hidalgo\/wp-json\/wp\/v2\/types\/post"}],"author":[{"embeddable":true,"href":"https:\/\/www.zunoticia.com\/noticias-de-hidalgo\/wp-json\/wp\/v2\/users\/20"}],"replies":[{"embeddable":true,"href":"https:\/\/www.zunoticia.com\/noticias-de-hidalgo\/wp-json\/wp\/v2\/comments?post=545233"}],"version-history":[{"count":1,"href":"https:\/\/www.zunoticia.com\/noticias-de-hidalgo\/wp-json\/wp\/v2\/posts\/545233\/revisions"}],"predecessor-version":[{"id":545237,"href":"https:\/\/www.zunoticia.com\/noticias-de-hidalgo\/wp-json\/wp\/v2\/posts\/545233\/revisions\/545237"}],"wp:featuredmedia":[{"embeddable":true,"href":"https:\/\/www.zunoticia.com\/noticias-de-hidalgo\/wp-json\/wp\/v2\/media\/545234"}],"wp:attachment":[{"href":"https:\/\/www.zunoticia.com\/noticias-de-hidalgo\/wp-json\/wp\/v2\/media?parent=545233"}],"wp:term":[{"taxonomy":"category","embeddable":true,"href":"https:\/\/www.zunoticia.com\/noticias-de-hidalgo\/wp-json\/wp\/v2\/categories?post=545233"},{"taxonomy":"post_tag","embeddable":true,"href":"https:\/\/www.zunoticia.com\/noticias-de-hidalgo\/wp-json\/wp\/v2\/tags?post=545233"}],"curies":[{"name":"wp","href":"https:\/\/api.w.org\/{rel}","templated":true}]}}