{"id":545241,"date":"2024-06-15T18:24:37","date_gmt":"2024-06-16T00:24:37","guid":{"rendered":"https:\/\/www.zunoticia.com\/noticias-de-hidalgo\/?p=545241"},"modified":"2024-06-15T18:24:40","modified_gmt":"2024-06-16T00:24:40","slug":"comerciantes-del-laminado-esperan-apoyo-de-alfredo-san-roman-duval","status":"publish","type":"post","link":"https:\/\/www.zunoticia.com\/noticias-de-hidalgo\/2024\/06\/15\/comerciantes-del-laminado-esperan-apoyo-de-alfredo-san-roman-duval\/","title":{"rendered":"Comerciantes del laminado esperan apoyo de Alfredo San Rom\u00e1n Duval"},"content":{"rendered":"<aside class=\"mashsb-container mashsb-main mashsb-stretched\"><div class=\"mashsb-box\"><div class=\"mashsb-count mash-large\" style=\"float:left\"><div class=\"counts mashsbcount\">22<\/div><span class=\"mashsb-sharetext\">SHARES<\/span><\/div><div class=\"mashsb-buttons\"><a class=\"mashicon-facebook mash-large mash-center mashsb-noshadow\" href=\"https:\/\/www.facebook.com\/sharer.php?u=https%3A%2F%2Fwww.zunoticia.com%2Fnoticias-de-hidalgo%2F2024%2F06%2F15%2Fcomerciantes-del-laminado-esperan-apoyo-de-alfredo-san-roman-duval%2F\" target=\"_top\" rel=\"nofollow\"><span class=\"icon\"><\/span><span class=\"text\">Share<\/span><\/a><a class=\"mashicon-twitter mash-large mash-center mashsb-noshadow\" href=\"https:\/\/twitter.com\/intent\/tweet?text=&amp;url=https:\/\/www.zunoticia.com\/noticias-de-hidalgo\/2024\/06\/15\/comerciantes-del-laminado-esperan-apoyo-de-alfredo-san-roman-duval\/\" target=\"_top\" rel=\"nofollow\"><span class=\"icon\"><\/span><span class=\"text\">Tweet<\/span><\/a><div class=\"onoffswitch2 mash-large mashsb-noshadow\" style=\"display:none\"><\/div><\/div>\n            <\/div>\n                <div style=\"clear:both\"><\/div><div class=\"mashsb-toggle-container\"><\/div><\/aside>\n            <!-- Share buttons by mashshare.net - Version: 4.0.47-->\n<p><em>Por Salvador Altamirano\/Zunoticia<\/em><\/p>\n\n\n\n<p><strong>Huejutla, Hgo<\/strong>.- Locatarios establecidos en la zona del laminado, sector del mercado municipal, manifestaron que para solucionar el problema del deterioro del techo de la galera, durante la pr\u00f3xima administraci\u00f3n esperan el apoyo del presidente electo, Alfredo San Rom\u00e1n Duval.<\/p>\n\n\n\n<p>Agregaron que, no obstante que muchos son afiliados a la Uni\u00f3n de Comerciantes Locatarios y Ambulantes (UCLA), ning\u00fan dirigente ha volteado a verlos, como si no pertenecieran a la organizaci\u00f3n.<\/p>\n\n\n\n<p>A pregunta formulada, explicaron que, su prop\u00f3sito consiste en que se cambie el techo de l\u00e1mina de la galera, el cual est\u00e1 muy deteriorado y bajito, lo que genera que en \u00e9pocas de estiaje el calor se acent\u00fae, a tal grado, que se torna insoportable.<\/p>\n\n\n\n<p>Por lo que requerimos -aclararon-, que el techo se cambie por un domo como en un proyecto oficial, lo cual le dar\u00eda una agradable presentaci\u00f3n al sector comercial, aunado a que se terminar\u00eda con los problemas de calor en \u00e9pocas de estiaje y filtraciones de agua en temporadas de lluvias.<\/p>\n\n\n\n<p>Para finalizar, manifestaron que, de no ser factible ese proyecto, que el municipio les conceda el permiso para techar con cemento cada quien su espacio con recursos propios, ya que lo que se necesita es seguridad y comodidad laboral.<\/p>\n\n\n\n<figure class=\"wp-block-image size-full\"><img fetchpriority=\"high\" decoding=\"async\" width=\"933\" height=\"524\" src=\"https:\/\/www.zunoticia.com\/noticias-de-hidalgo\/wp-content\/uploads\/2024\/06\/Zunoticia-Huejutla-1-113.png\" alt=\"\" class=\"wp-image-545243\"\/><\/figure>\n","protected":false},"excerpt":{"rendered":"<p>Por Salvador Altamirano\/Zunoticia Huejutla, Hgo.- Locatarios establecidos en la zona del laminado, sector del mercado municipal, manifestaron que para solucionar el problema del deterioro del techo de la galera, durante la pr\u00f3xima administraci\u00f3n esperan el apoyo del presidente electo, Alfredo San Rom\u00e1n Duval. Agregaron que, no obstante que muchos son afiliados a la Uni\u00f3n de&hellip; <a class=\"more-link\" href=\"https:\/\/www.zunoticia.com\/noticias-de-hidalgo\/2024\/06\/15\/comerciantes-del-laminado-esperan-apoyo-de-alfredo-san-roman-duval\/\">Seguir leyendo <span class=\"screen-reader-text\">Comerciantes del laminado esperan apoyo de Alfredo San Rom\u00e1n Duval<\/span><\/a><\/p>\n","protected":false},"author":20,"featured_media":545242,"comment_status":"open","ping_status":"open","sticky":false,"template":"","format":"standard","meta":{"rop_custom_images_group":[],"rop_custom_messages_group":[],"rop_publish_now":"yes","rop_publish_now_accounts":{"facebook_10159540855086992_322828327761733":""},"rop_publish_now_history":[],"rop_publish_now_status":"pending","footnotes":""},"categories":[181],"tags":[121],"class_list":["post-545241","post","type-post","status-publish","format-standard","has-post-thumbnail","hentry","category-huejutla","tag-huejutla","entry"],"_links":{"self":[{"href":"https:\/\/www.zunoticia.com\/noticias-de-hidalgo\/wp-json\/wp\/v2\/posts\/545241","targetHints":{"allow":["GET"]}}],"collection":[{"href":"https:\/\/www.zunoticia.com\/noticias-de-hidalgo\/wp-json\/wp\/v2\/posts"}],"about":[{"href":"https:\/\/www.zunoticia.com\/noticias-de-hidalgo\/wp-json\/wp\/v2\/types\/post"}],"author":[{"embeddable":true,"href":"https:\/\/www.zunoticia.com\/noticias-de-hidalgo\/wp-json\/wp\/v2\/users\/20"}],"replies":[{"embeddable":true,"href":"https:\/\/www.zunoticia.com\/noticias-de-hidalgo\/wp-json\/wp\/v2\/comments?post=545241"}],"version-history":[{"count":1,"href":"https:\/\/www.zunoticia.com\/noticias-de-hidalgo\/wp-json\/wp\/v2\/posts\/545241\/revisions"}],"predecessor-version":[{"id":545244,"href":"https:\/\/www.zunoticia.com\/noticias-de-hidalgo\/wp-json\/wp\/v2\/posts\/545241\/revisions\/545244"}],"wp:featuredmedia":[{"embeddable":true,"href":"https:\/\/www.zunoticia.com\/noticias-de-hidalgo\/wp-json\/wp\/v2\/media\/545242"}],"wp:attachment":[{"href":"https:\/\/www.zunoticia.com\/noticias-de-hidalgo\/wp-json\/wp\/v2\/media?parent=545241"}],"wp:term":[{"taxonomy":"category","embeddable":true,"href":"https:\/\/www.zunoticia.com\/noticias-de-hidalgo\/wp-json\/wp\/v2\/categories?post=545241"},{"taxonomy":"post_tag","embeddable":true,"href":"https:\/\/www.zunoticia.com\/noticias-de-hidalgo\/wp-json\/wp\/v2\/tags?post=545241"}],"curies":[{"name":"wp","href":"https:\/\/api.w.org\/{rel}","templated":true}]}}