{"id":545286,"date":"2024-06-16T17:59:14","date_gmt":"2024-06-16T23:59:14","guid":{"rendered":"https:\/\/www.zunoticia.com\/noticias-de-hidalgo\/?p=545286"},"modified":"2024-06-16T17:59:17","modified_gmt":"2024-06-16T23:59:17","slug":"es-necesario-limpiar-de-arboles-y-maleza-el-rio-opinan","status":"publish","type":"post","link":"https:\/\/www.zunoticia.com\/noticias-de-hidalgo\/2024\/06\/16\/es-necesario-limpiar-de-arboles-y-maleza-el-rio-opinan\/","title":{"rendered":"Es necesario limpiar de \u00e1rboles y maleza el r\u00edo: Opinan"},"content":{"rendered":"<aside class=\"mashsb-container mashsb-main mashsb-stretched\"><div class=\"mashsb-box\"><div class=\"mashsb-count mash-large\" style=\"float:left\"><div class=\"counts mashsbcount\">79<\/div><span class=\"mashsb-sharetext\">SHARES<\/span><\/div><div class=\"mashsb-buttons\"><a class=\"mashicon-facebook mash-large mash-center mashsb-noshadow\" href=\"https:\/\/www.facebook.com\/sharer.php?u=https%3A%2F%2Fwww.zunoticia.com%2Fnoticias-de-hidalgo%2F2024%2F06%2F16%2Fes-necesario-limpiar-de-arboles-y-maleza-el-rio-opinan%2F\" target=\"_top\" rel=\"nofollow\"><span class=\"icon\"><\/span><span class=\"text\">Share<\/span><\/a><a class=\"mashicon-twitter mash-large mash-center mashsb-noshadow\" href=\"https:\/\/twitter.com\/intent\/tweet?text=&amp;url=https:\/\/www.zunoticia.com\/noticias-de-hidalgo\/2024\/06\/16\/es-necesario-limpiar-de-arboles-y-maleza-el-rio-opinan\/\" target=\"_top\" rel=\"nofollow\"><span class=\"icon\"><\/span><span class=\"text\">Tweet<\/span><\/a><div class=\"onoffswitch2 mash-large mashsb-noshadow\" style=\"display:none\"><\/div><\/div>\n            <\/div>\n                <div style=\"clear:both\"><\/div><div class=\"mashsb-toggle-container\"><\/div><\/aside>\n            <!-- Share buttons by mashshare.net - Version: 4.0.47-->\n<p><em>Por Salvador Altamirano\/Zunoticia<\/em><\/p>\n\n\n\n<p><strong>Huejutla, Hgo.-<\/strong> Habitantes de la poblaci\u00f3n que durante el fat\u00eddico pas\u00f3 del Hurac\u00e1n Diana, el 7 y 8 de agosto de 1990, perdieron familiares y patrimonios, manifestaron que, de las experiencias y m\u00e1s si son dolorosas, hay que aprender.<\/p>\n\n\n\n<figure class=\"wp-block-image size-full\"><img fetchpriority=\"high\" decoding=\"async\" width=\"1600\" height=\"1200\" src=\"https:\/\/www.zunoticia.com\/noticias-de-hidalgo\/wp-content\/uploads\/2024\/06\/eZy-Watermark_16-06-2024_05-58-19-4380p.m.jpg\" alt=\"\" class=\"wp-image-545306\"\/><\/figure>\n\n\n\n<p>Explicaron que, lo que caus\u00f3 la mortal inundaci\u00f3n de esa fecha fue que el r\u00edo que cruza la poblaci\u00f3n ten\u00eda muchos obst\u00e1culos, entre ellos un puente vado en el sector del Mercado municipal, que no permiti\u00f3 un adecuado desplazamiento de las corrientes de agua.<\/p>\n\n\n\n<p>Sin embargo, acentuaron, parece que en Huejutla las experiencias no se asimilan, ya que ante la contingencia ambiental que se est\u00e1 viviendo por el deterioro del medio ambiente, la cual es in\u00e9dita, hay organizaciones sociales que est\u00e1n convocando a la ciudadan\u00eda para que acuda a &#8220;levantar la basura que hay en el cauce del r\u00edo&#8221;.<\/p>\n\n\n\n<p>Cuando lo m\u00e1s urgente, agregaron, es presionar a las autoridades municipales para que limpien de \u00e1rboles y maleza el curso del r\u00edo, en donde hay aut\u00e9nticos bosques, ya que los ciclones y tormentas que se pronostican para fechas pr\u00f3ximas ser\u00e1n tan at\u00edpicas como la actual sequ\u00eda.<\/p>\n\n\n\n<figure class=\"wp-block-image size-full\"><img decoding=\"async\" width=\"1600\" height=\"1200\" src=\"https:\/\/www.zunoticia.com\/noticias-de-hidalgo\/wp-content\/uploads\/2024\/06\/eZy-Watermark_16-06-2024_03-04-11-9270p.m.jpg\" alt=\"\" class=\"wp-image-545288\"\/><\/figure>\n\n\n\n<p>Para finalizar, exhortaron a la poblaci\u00f3n a estar prevenidos ante la llegada de huracanes y tormentas, ya que ser\u00e1n at\u00edpicas como el actual calor, nunca arribadas a la regi\u00f3n, por lo que hay que estar atentos a las indicaciones de las autoridades de Protecci\u00f3n Civil.<\/p>\n","protected":false},"excerpt":{"rendered":"<p>Por Salvador Altamirano\/Zunoticia Huejutla, Hgo.- Habitantes de la poblaci\u00f3n que durante el fat\u00eddico pas\u00f3 del Hurac\u00e1n Diana, el 7 y 8 de agosto de 1990, perdieron familiares y patrimonios, manifestaron que, de las experiencias y m\u00e1s si son dolorosas, hay que aprender. Explicaron que, lo que caus\u00f3 la mortal inundaci\u00f3n de esa fecha fue que&hellip; <a class=\"more-link\" href=\"https:\/\/www.zunoticia.com\/noticias-de-hidalgo\/2024\/06\/16\/es-necesario-limpiar-de-arboles-y-maleza-el-rio-opinan\/\">Seguir leyendo <span class=\"screen-reader-text\">Es necesario limpiar de \u00e1rboles y maleza el r\u00edo: Opinan<\/span><\/a><\/p>\n","protected":false},"author":12,"featured_media":545287,"comment_status":"open","ping_status":"open","sticky":false,"template":"","format":"standard","meta":{"rop_custom_images_group":[],"rop_custom_messages_group":[],"rop_publish_now":"yes","rop_publish_now_accounts":{"facebook_10159540855086992_322828327761733":"#HuejutlaDeReyes #HuastecaHidalguense | Habitantes de la poblaci\u00f3n que durante el fat\u00eddico pas\u00f3 del Hurac\u00e1n Diana, el 7 y 8 de agosto de 1990...\u00a0Ent\u00e9rate\u2b07"},"rop_publish_now_history":[],"rop_publish_now_status":"pending","footnotes":""},"categories":[181],"tags":[121],"class_list":["post-545286","post","type-post","status-publish","format-standard","has-post-thumbnail","hentry","category-huejutla","tag-huejutla","entry"],"_links":{"self":[{"href":"https:\/\/www.zunoticia.com\/noticias-de-hidalgo\/wp-json\/wp\/v2\/posts\/545286","targetHints":{"allow":["GET"]}}],"collection":[{"href":"https:\/\/www.zunoticia.com\/noticias-de-hidalgo\/wp-json\/wp\/v2\/posts"}],"about":[{"href":"https:\/\/www.zunoticia.com\/noticias-de-hidalgo\/wp-json\/wp\/v2\/types\/post"}],"author":[{"embeddable":true,"href":"https:\/\/www.zunoticia.com\/noticias-de-hidalgo\/wp-json\/wp\/v2\/users\/12"}],"replies":[{"embeddable":true,"href":"https:\/\/www.zunoticia.com\/noticias-de-hidalgo\/wp-json\/wp\/v2\/comments?post=545286"}],"version-history":[{"count":1,"href":"https:\/\/www.zunoticia.com\/noticias-de-hidalgo\/wp-json\/wp\/v2\/posts\/545286\/revisions"}],"predecessor-version":[{"id":545307,"href":"https:\/\/www.zunoticia.com\/noticias-de-hidalgo\/wp-json\/wp\/v2\/posts\/545286\/revisions\/545307"}],"wp:featuredmedia":[{"embeddable":true,"href":"https:\/\/www.zunoticia.com\/noticias-de-hidalgo\/wp-json\/wp\/v2\/media\/545287"}],"wp:attachment":[{"href":"https:\/\/www.zunoticia.com\/noticias-de-hidalgo\/wp-json\/wp\/v2\/media?parent=545286"}],"wp:term":[{"taxonomy":"category","embeddable":true,"href":"https:\/\/www.zunoticia.com\/noticias-de-hidalgo\/wp-json\/wp\/v2\/categories?post=545286"},{"taxonomy":"post_tag","embeddable":true,"href":"https:\/\/www.zunoticia.com\/noticias-de-hidalgo\/wp-json\/wp\/v2\/tags?post=545286"}],"curies":[{"name":"wp","href":"https:\/\/api.w.org\/{rel}","templated":true}]}}