{"id":545309,"date":"2024-06-16T18:26:01","date_gmt":"2024-06-17T00:26:01","guid":{"rendered":"https:\/\/www.zunoticia.com\/noticias-de-hidalgo\/?p=545309"},"modified":"2024-06-16T18:26:04","modified_gmt":"2024-06-17T00:26:04","slug":"solicitan-colocacion-de-puerta-faltante-en-la-torre-del-reloj-monumental","status":"publish","type":"post","link":"https:\/\/www.zunoticia.com\/noticias-de-hidalgo\/2024\/06\/16\/solicitan-colocacion-de-puerta-faltante-en-la-torre-del-reloj-monumental\/","title":{"rendered":"Solicitan colocaci\u00f3n de puerta faltante en la Torre del Reloj Monumental"},"content":{"rendered":"<aside class=\"mashsb-container mashsb-main mashsb-stretched\"><div class=\"mashsb-box\"><div class=\"mashsb-count mash-large\" style=\"float:left\"><div class=\"counts mashsbcount\">8<\/div><span class=\"mashsb-sharetext\">SHARES<\/span><\/div><div class=\"mashsb-buttons\"><a class=\"mashicon-facebook mash-large mash-center mashsb-noshadow\" href=\"https:\/\/www.facebook.com\/sharer.php?u=https%3A%2F%2Fwww.zunoticia.com%2Fnoticias-de-hidalgo%2F2024%2F06%2F16%2Fsolicitan-colocacion-de-puerta-faltante-en-la-torre-del-reloj-monumental%2F\" target=\"_top\" rel=\"nofollow\"><span class=\"icon\"><\/span><span class=\"text\">Share<\/span><\/a><a class=\"mashicon-twitter mash-large mash-center mashsb-noshadow\" href=\"https:\/\/twitter.com\/intent\/tweet?text=&amp;url=https:\/\/www.zunoticia.com\/noticias-de-hidalgo\/2024\/06\/16\/solicitan-colocacion-de-puerta-faltante-en-la-torre-del-reloj-monumental\/\" target=\"_top\" rel=\"nofollow\"><span class=\"icon\"><\/span><span class=\"text\">Tweet<\/span><\/a><div class=\"onoffswitch2 mash-large mashsb-noshadow\" style=\"display:none\"><\/div><\/div>\n            <\/div>\n                <div style=\"clear:both\"><\/div><div class=\"mashsb-toggle-container\"><\/div><\/aside>\n            <!-- Share buttons by mashshare.net - Version: 4.0.47-->\n<p><em>Por Salvador Altamirano\/Zunoticia<\/em><\/p>\n\n\n\n<p><strong>Huejutla, Hgo.-<\/strong> Habitantes de la poblaci\u00f3n expresaron que, uno de los elementos arquitect\u00f3nicos, iconos de Huejutla, es la Torre del Reloj Monumental, construida en 1908 por indicaciones del en ese entonces Presidente de la Rep\u00fablica, Porfirio Diaz Mor\u00ed, para conmemorar el primer centenario de la Independencia.<\/p>\n\n\n\n<figure class=\"wp-block-image size-full\"><img fetchpriority=\"high\" decoding=\"async\" width=\"1200\" height=\"799\" src=\"https:\/\/www.zunoticia.com\/noticias-de-hidalgo\/wp-content\/uploads\/2024\/06\/eZy-Watermark_16-06-2024_06-19-38-4840p.m.jpg\" alt=\"\" class=\"wp-image-545313\"\/><\/figure>\n\n\n\n<p>Lamentaron que, no obstante, su importancia hist\u00f3rica y el esfuerzo de los habitantes de la entonces Villa de Huejutla para construirla y adquirir la maquinaria del reloj, en la actualidad no se ha preservado como se merece<\/p>\n\n\n\n<p>Por tal motivo, Adri\u00e1n L\u00f3pez Ch\u00e1vez, quien dijo ser partidario de que los aspectos hist\u00f3ricos se preserven, opin\u00f3 que, ojal\u00e1 en el proyecto de rehabilitaci\u00f3n de la Plaza de la Revoluci\u00f3n Mexicana est\u00e9 integrada la colocaci\u00f3n de la puerta faltante en la atalaya.<\/p>\n\n\n\n<p>Para finalizar, enfatiz\u00f3 que terminada la colocaci\u00f3n del pisal, Huejutla tendr\u00e1 un Centro Hist\u00f3rico singular, que ser\u00e1 orgullo de los residentes y de agrado para los visitantes, pero deben de atenderse detalles, reiter\u00f3, como la colocaci\u00f3n de la precitada puerta de herrer\u00eda.<\/p>\n","protected":false},"excerpt":{"rendered":"<p>Por Salvador Altamirano\/Zunoticia Huejutla, Hgo.- Habitantes de la poblaci\u00f3n expresaron que, uno de los elementos arquitect\u00f3nicos, iconos de Huejutla, es la Torre del Reloj Monumental, construida en 1908 por indicaciones del en ese entonces Presidente de la Rep\u00fablica, Porfirio Diaz Mor\u00ed, para conmemorar el primer centenario de la Independencia. Lamentaron que, no obstante, su importancia&hellip; <a class=\"more-link\" href=\"https:\/\/www.zunoticia.com\/noticias-de-hidalgo\/2024\/06\/16\/solicitan-colocacion-de-puerta-faltante-en-la-torre-del-reloj-monumental\/\">Seguir leyendo <span class=\"screen-reader-text\">Solicitan colocaci\u00f3n de puerta faltante en la Torre del Reloj Monumental<\/span><\/a><\/p>\n","protected":false},"author":12,"featured_media":545312,"comment_status":"open","ping_status":"open","sticky":false,"template":"","format":"standard","meta":{"rop_custom_images_group":[],"rop_custom_messages_group":[],"rop_publish_now":"yes","rop_publish_now_accounts":{"facebook_10159540855086992_322828327761733":"#HuejutlaDeReyes #HuastecaHidalguense | Habitantes de la poblaci\u00f3n expresaron que, uno de los elementos arquitect\u00f3nicos, iconos...\u00a0Ent\u00e9rate\u2b07"},"rop_publish_now_history":[],"rop_publish_now_status":"pending","footnotes":""},"categories":[181],"tags":[121],"class_list":["post-545309","post","type-post","status-publish","format-standard","has-post-thumbnail","hentry","category-huejutla","tag-huejutla","entry"],"_links":{"self":[{"href":"https:\/\/www.zunoticia.com\/noticias-de-hidalgo\/wp-json\/wp\/v2\/posts\/545309","targetHints":{"allow":["GET"]}}],"collection":[{"href":"https:\/\/www.zunoticia.com\/noticias-de-hidalgo\/wp-json\/wp\/v2\/posts"}],"about":[{"href":"https:\/\/www.zunoticia.com\/noticias-de-hidalgo\/wp-json\/wp\/v2\/types\/post"}],"author":[{"embeddable":true,"href":"https:\/\/www.zunoticia.com\/noticias-de-hidalgo\/wp-json\/wp\/v2\/users\/12"}],"replies":[{"embeddable":true,"href":"https:\/\/www.zunoticia.com\/noticias-de-hidalgo\/wp-json\/wp\/v2\/comments?post=545309"}],"version-history":[{"count":1,"href":"https:\/\/www.zunoticia.com\/noticias-de-hidalgo\/wp-json\/wp\/v2\/posts\/545309\/revisions"}],"predecessor-version":[{"id":545314,"href":"https:\/\/www.zunoticia.com\/noticias-de-hidalgo\/wp-json\/wp\/v2\/posts\/545309\/revisions\/545314"}],"wp:featuredmedia":[{"embeddable":true,"href":"https:\/\/www.zunoticia.com\/noticias-de-hidalgo\/wp-json\/wp\/v2\/media\/545312"}],"wp:attachment":[{"href":"https:\/\/www.zunoticia.com\/noticias-de-hidalgo\/wp-json\/wp\/v2\/media?parent=545309"}],"wp:term":[{"taxonomy":"category","embeddable":true,"href":"https:\/\/www.zunoticia.com\/noticias-de-hidalgo\/wp-json\/wp\/v2\/categories?post=545309"},{"taxonomy":"post_tag","embeddable":true,"href":"https:\/\/www.zunoticia.com\/noticias-de-hidalgo\/wp-json\/wp\/v2\/tags?post=545309"}],"curies":[{"name":"wp","href":"https:\/\/api.w.org\/{rel}","templated":true}]}}