{"id":545760,"date":"2024-06-19T13:06:43","date_gmt":"2024-06-19T19:06:43","guid":{"rendered":"https:\/\/www.zunoticia.com\/noticias-de-hidalgo\/?p=545760"},"modified":"2024-06-19T13:06:47","modified_gmt":"2024-06-19T19:06:47","slug":"cable-de-alta-tension-se-revento-cerraron-parte-de-la-avenida-principal","status":"publish","type":"post","link":"https:\/\/www.zunoticia.com\/noticias-de-hidalgo\/2024\/06\/19\/cable-de-alta-tension-se-revento-cerraron-parte-de-la-avenida-principal\/","title":{"rendered":"Cable de alta tensi\u00f3n se revent\u00f3, cerraron parte de la avenida principal"},"content":{"rendered":"<aside class=\"mashsb-container mashsb-main mashsb-stretched\"><div class=\"mashsb-box\"><div class=\"mashsb-count mash-large\" style=\"float:left\"><div class=\"counts mashsbcount\">6<\/div><span class=\"mashsb-sharetext\">SHARES<\/span><\/div><div class=\"mashsb-buttons\"><a class=\"mashicon-facebook mash-large mash-center mashsb-noshadow\" href=\"https:\/\/www.facebook.com\/sharer.php?u=https%3A%2F%2Fwww.zunoticia.com%2Fnoticias-de-hidalgo%2F2024%2F06%2F19%2Fcable-de-alta-tension-se-revento-cerraron-parte-de-la-avenida-principal%2F\" target=\"_top\" rel=\"nofollow\"><span class=\"icon\"><\/span><span class=\"text\">Share<\/span><\/a><a class=\"mashicon-twitter mash-large mash-center mashsb-noshadow\" href=\"https:\/\/twitter.com\/intent\/tweet?text=&amp;url=https:\/\/www.zunoticia.com\/noticias-de-hidalgo\/2024\/06\/19\/cable-de-alta-tension-se-revento-cerraron-parte-de-la-avenida-principal\/\" target=\"_top\" rel=\"nofollow\"><span class=\"icon\"><\/span><span class=\"text\">Tweet<\/span><\/a><div class=\"onoffswitch2 mash-large mashsb-noshadow\" style=\"display:none\"><\/div><\/div>\n            <\/div>\n                <div style=\"clear:both\"><\/div><div class=\"mashsb-toggle-container\"><\/div><\/aside>\n            <!-- Share buttons by mashshare.net - Version: 4.0.47-->\n<p><em>Por Karen Rivera\/ Zunoticia<\/em><\/p>\n\n\n\n<p><strong>Huejutla de Reyes, Hgo<\/strong>.- Por el riesgo que implicaba un cable de alta tensi\u00f3n sobre la cinta asf\u00e1ltica en la calle Morelos, elementos de la Direcci\u00f3n de Seguridad P\u00fablica y Tr\u00e1nsito Municipal, desviaron la circulaci\u00f3n vehicular.<\/p>\n\n\n\n<p>Los hechos se registraron alrededor de las 9:20 de la ma\u00f1ana, de este mi\u00e9rcoles 19 de junio del a\u00f1o en curso, cuando un cable de alta tensi\u00f3n se revent\u00f3 y g\u00e9nero un cortocircuito al tocar con la bolla sobre la r\u00faa, situaci\u00f3n que puso en riesgo tanto a peatones como a los automovilistas.<\/p>\n\n\n\n<p>Por tal motivo, los guardianes del asfalto acordonaron en la calle Morelos, desviando el tr\u00e1fico por la Cuauht\u00e9moc y la Vel\u00e1zquez Ibarra.<\/p>\n\n\n\n<p>Ante este incidente Barrio Arriba y algunas partes de la zona centro se quedaron sin energ\u00eda el\u00e9ctrica.<\/p>\n\n\n\n<p>Siendo las 11:00 de la ma\u00f1ana, arribaron los linieros de la Comisi\u00f3n Federal de Electricidad (CFE), para arreglar el desperfecto.<\/p>\n\n\n\n<figure class=\"wp-block-gallery has-nested-images columns-default is-cropped wp-block-gallery-1 is-layout-flex wp-block-gallery-is-layout-flex\">\n<figure class=\"wp-block-image size-large\"><img fetchpriority=\"high\" decoding=\"async\" width=\"933\" height=\"524\" data-id=\"545762\" src=\"https:\/\/www.zunoticia.com\/noticias-de-hidalgo\/wp-content\/uploads\/2024\/06\/Zunoticia-Huejutla-2-32.jpg\" alt=\"\" class=\"wp-image-545762\"\/><\/figure>\n\n\n\n<figure class=\"wp-block-image size-large\"><img decoding=\"async\" width=\"933\" height=\"524\" data-id=\"545763\" src=\"https:\/\/www.zunoticia.com\/noticias-de-hidalgo\/wp-content\/uploads\/2024\/06\/Zunoticia-Huejutla-1-75.jpg\" alt=\"\" class=\"wp-image-545763\"\/><\/figure>\n<\/figure>\n","protected":false},"excerpt":{"rendered":"<p>Por Karen Rivera\/ Zunoticia Huejutla de Reyes, Hgo.- Por el riesgo que implicaba un cable de alta tensi\u00f3n sobre la cinta asf\u00e1ltica en la calle Morelos, elementos de la Direcci\u00f3n de Seguridad P\u00fablica y Tr\u00e1nsito Municipal, desviaron la circulaci\u00f3n vehicular. Los hechos se registraron alrededor de las 9:20 de la ma\u00f1ana, de este mi\u00e9rcoles 19&hellip; <a class=\"more-link\" href=\"https:\/\/www.zunoticia.com\/noticias-de-hidalgo\/2024\/06\/19\/cable-de-alta-tension-se-revento-cerraron-parte-de-la-avenida-principal\/\">Seguir leyendo <span class=\"screen-reader-text\">Cable de alta tensi\u00f3n se revent\u00f3, cerraron parte de la avenida principal<\/span><\/a><\/p>\n","protected":false},"author":20,"featured_media":545761,"comment_status":"open","ping_status":"open","sticky":false,"template":"","format":"standard","meta":{"rop_custom_images_group":[],"rop_custom_messages_group":[],"rop_publish_now":"yes","rop_publish_now_accounts":{"facebook_10159540855086992_322828327761733":""},"rop_publish_now_history":[],"rop_publish_now_status":"pending","footnotes":""},"categories":[181],"tags":[121],"class_list":["post-545760","post","type-post","status-publish","format-standard","has-post-thumbnail","hentry","category-huejutla","tag-huejutla","entry"],"_links":{"self":[{"href":"https:\/\/www.zunoticia.com\/noticias-de-hidalgo\/wp-json\/wp\/v2\/posts\/545760","targetHints":{"allow":["GET"]}}],"collection":[{"href":"https:\/\/www.zunoticia.com\/noticias-de-hidalgo\/wp-json\/wp\/v2\/posts"}],"about":[{"href":"https:\/\/www.zunoticia.com\/noticias-de-hidalgo\/wp-json\/wp\/v2\/types\/post"}],"author":[{"embeddable":true,"href":"https:\/\/www.zunoticia.com\/noticias-de-hidalgo\/wp-json\/wp\/v2\/users\/20"}],"replies":[{"embeddable":true,"href":"https:\/\/www.zunoticia.com\/noticias-de-hidalgo\/wp-json\/wp\/v2\/comments?post=545760"}],"version-history":[{"count":1,"href":"https:\/\/www.zunoticia.com\/noticias-de-hidalgo\/wp-json\/wp\/v2\/posts\/545760\/revisions"}],"predecessor-version":[{"id":545764,"href":"https:\/\/www.zunoticia.com\/noticias-de-hidalgo\/wp-json\/wp\/v2\/posts\/545760\/revisions\/545764"}],"wp:featuredmedia":[{"embeddable":true,"href":"https:\/\/www.zunoticia.com\/noticias-de-hidalgo\/wp-json\/wp\/v2\/media\/545761"}],"wp:attachment":[{"href":"https:\/\/www.zunoticia.com\/noticias-de-hidalgo\/wp-json\/wp\/v2\/media?parent=545760"}],"wp:term":[{"taxonomy":"category","embeddable":true,"href":"https:\/\/www.zunoticia.com\/noticias-de-hidalgo\/wp-json\/wp\/v2\/categories?post=545760"},{"taxonomy":"post_tag","embeddable":true,"href":"https:\/\/www.zunoticia.com\/noticias-de-hidalgo\/wp-json\/wp\/v2\/tags?post=545760"}],"curies":[{"name":"wp","href":"https:\/\/api.w.org\/{rel}","templated":true}]}}