{"id":545839,"date":"2024-06-19T18:33:02","date_gmt":"2024-06-20T00:33:02","guid":{"rendered":"https:\/\/www.zunoticia.com\/noticias-de-hidalgo\/?p=545839"},"modified":"2024-06-19T18:33:06","modified_gmt":"2024-06-20T00:33:06","slug":"huracanes-diana-y-gert-que-azotaron-la-huasteca-dejaron-serios-danos","status":"publish","type":"post","link":"https:\/\/www.zunoticia.com\/noticias-de-hidalgo\/2024\/06\/19\/huracanes-diana-y-gert-que-azotaron-la-huasteca-dejaron-serios-danos\/","title":{"rendered":"Huracanes \u201cDiana\u201d y \u201cGert\u201d que azotaron la huasteca dejaron serios da\u00f1os"},"content":{"rendered":"<aside class=\"mashsb-container mashsb-main mashsb-stretched\"><div class=\"mashsb-box\"><div class=\"mashsb-count mash-large\" style=\"float:left\"><div class=\"counts mashsbcount\">34<\/div><span class=\"mashsb-sharetext\">SHARES<\/span><\/div><div class=\"mashsb-buttons\"><a class=\"mashicon-facebook mash-large mash-center mashsb-noshadow\" href=\"https:\/\/www.facebook.com\/sharer.php?u=https%3A%2F%2Fwww.zunoticia.com%2Fnoticias-de-hidalgo%2F2024%2F06%2F19%2Fhuracanes-diana-y-gert-que-azotaron-la-huasteca-dejaron-serios-danos%2F\" target=\"_top\" rel=\"nofollow\"><span class=\"icon\"><\/span><span class=\"text\">Share<\/span><\/a><a class=\"mashicon-twitter mash-large mash-center mashsb-noshadow\" href=\"https:\/\/twitter.com\/intent\/tweet?text=&amp;url=https:\/\/www.zunoticia.com\/noticias-de-hidalgo\/2024\/06\/19\/huracanes-diana-y-gert-que-azotaron-la-huasteca-dejaron-serios-danos\/\" target=\"_top\" rel=\"nofollow\"><span class=\"icon\"><\/span><span class=\"text\">Tweet<\/span><\/a><div class=\"onoffswitch2 mash-large mashsb-noshadow\" style=\"display:none\"><\/div><\/div>\n            <\/div>\n                <div style=\"clear:both\"><\/div><div class=\"mashsb-toggle-container\"><\/div><\/aside>\n            <!-- Share buttons by mashshare.net - Version: 4.0.47-->\n<p><em>Por Enedino Hern\u00e1ndez\/Zunoticia<\/em><\/p>\n\n\n\n<p><strong>Huejutla, Hgo<\/strong>.- \u201cEl paso de los fen\u00f3menos meteorol\u00f3gicos, denominados Hurac\u00e1n Diana y Gert, que azotaron en su momento a la zona de la huasteca, dejaron en la poblaci\u00f3n de Huejutla destrucci\u00f3n y dolor; muchas familias perdieron a seres queridos y a su patrimonio, serias heridas que al momento se mantienen abiertas en el recuerdo\u201d, se\u00f1al\u00f3 el ciudadano huejutlense, Galileo Hern\u00e1ndez Francisco.<\/p>\n\n\n\n<p>Por toda esta situaci\u00f3n, consider\u00f3 importante que la poblaci\u00f3n en general se mantenga siempre en alerta y muy atentos ante el llamado de las autoridades competentes, por la posible presencia de este tipo de fen\u00f3menos naturales que pudieran azotar la regi\u00f3n.<\/p>\n\n\n\n<p>\u201cDiana fue m\u00e1s agresiva, se tuvo m\u00e1s destrucci\u00f3n, a\u00fan se tienen profundas heridas de su paso, por lo que recomendamos a la ciudadan\u00eda a mantenerse con toda la precauci\u00f3n y escuchar el llamado de las autoridades\u201d advirti\u00f3.<\/p>\n\n\n\n<p>A\u00f1adi\u00f3, \u201cmucha gente que proveniente de fuera se le hace f\u00e1cil rentar un cuarto o departamento a orilla del r\u00edo, pues desconocen la gravedad de la naturaleza y de lo que pudiera suceder\u201d.<\/p>\n\n\n\n<p>Galileo Hern\u00e1ndez Francisco, insisti\u00f3 que, se debe recordar que los drenajes en Huejutla est\u00e1n muy mal, \u201cla basura se acumula en los drenajes, en donde se observa que el agua al no encontrar su cauce vuelve a emerger y eso fue lo que sucedi\u00f3 con el paso de Diana\u201d.<\/p>\n\n\n\n<p><\/p>\n","protected":false},"excerpt":{"rendered":"<p>Por Enedino Hern\u00e1ndez\/Zunoticia Huejutla, Hgo.- \u201cEl paso de los fen\u00f3menos meteorol\u00f3gicos, denominados Hurac\u00e1n Diana y Gert, que azotaron en su momento a la zona de la huasteca, dejaron en la poblaci\u00f3n de Huejutla destrucci\u00f3n y dolor; muchas familias perdieron a seres queridos y a su patrimonio, serias heridas que al momento se mantienen abiertas en&hellip; <a class=\"more-link\" href=\"https:\/\/www.zunoticia.com\/noticias-de-hidalgo\/2024\/06\/19\/huracanes-diana-y-gert-que-azotaron-la-huasteca-dejaron-serios-danos\/\">Seguir leyendo <span class=\"screen-reader-text\">Huracanes \u201cDiana\u201d y \u201cGert\u201d que azotaron la huasteca dejaron serios da\u00f1os<\/span><\/a><\/p>\n","protected":false},"author":20,"featured_media":545840,"comment_status":"open","ping_status":"open","sticky":false,"template":"","format":"standard","meta":{"rop_custom_images_group":[],"rop_custom_messages_group":[],"rop_publish_now":"yes","rop_publish_now_accounts":{"facebook_10159540855086992_322828327761733":""},"rop_publish_now_history":[],"rop_publish_now_status":"pending","footnotes":""},"categories":[181],"tags":[121],"class_list":["post-545839","post","type-post","status-publish","format-standard","has-post-thumbnail","hentry","category-huejutla","tag-huejutla","entry"],"_links":{"self":[{"href":"https:\/\/www.zunoticia.com\/noticias-de-hidalgo\/wp-json\/wp\/v2\/posts\/545839","targetHints":{"allow":["GET"]}}],"collection":[{"href":"https:\/\/www.zunoticia.com\/noticias-de-hidalgo\/wp-json\/wp\/v2\/posts"}],"about":[{"href":"https:\/\/www.zunoticia.com\/noticias-de-hidalgo\/wp-json\/wp\/v2\/types\/post"}],"author":[{"embeddable":true,"href":"https:\/\/www.zunoticia.com\/noticias-de-hidalgo\/wp-json\/wp\/v2\/users\/20"}],"replies":[{"embeddable":true,"href":"https:\/\/www.zunoticia.com\/noticias-de-hidalgo\/wp-json\/wp\/v2\/comments?post=545839"}],"version-history":[{"count":1,"href":"https:\/\/www.zunoticia.com\/noticias-de-hidalgo\/wp-json\/wp\/v2\/posts\/545839\/revisions"}],"predecessor-version":[{"id":545841,"href":"https:\/\/www.zunoticia.com\/noticias-de-hidalgo\/wp-json\/wp\/v2\/posts\/545839\/revisions\/545841"}],"wp:featuredmedia":[{"embeddable":true,"href":"https:\/\/www.zunoticia.com\/noticias-de-hidalgo\/wp-json\/wp\/v2\/media\/545840"}],"wp:attachment":[{"href":"https:\/\/www.zunoticia.com\/noticias-de-hidalgo\/wp-json\/wp\/v2\/media?parent=545839"}],"wp:term":[{"taxonomy":"category","embeddable":true,"href":"https:\/\/www.zunoticia.com\/noticias-de-hidalgo\/wp-json\/wp\/v2\/categories?post=545839"},{"taxonomy":"post_tag","embeddable":true,"href":"https:\/\/www.zunoticia.com\/noticias-de-hidalgo\/wp-json\/wp\/v2\/tags?post=545839"}],"curies":[{"name":"wp","href":"https:\/\/api.w.org\/{rel}","templated":true}]}}