{"id":545949,"date":"2024-06-20T14:34:02","date_gmt":"2024-06-20T20:34:02","guid":{"rendered":"https:\/\/www.zunoticia.com\/noticias-de-hidalgo\/?p=545949"},"modified":"2024-06-20T14:34:10","modified_gmt":"2024-06-20T20:34:10","slug":"claudia-sheinbaum-presenta-primera-parte-de-su-gabinete","status":"publish","type":"post","link":"https:\/\/www.zunoticia.com\/noticias-de-hidalgo\/2024\/06\/20\/claudia-sheinbaum-presenta-primera-parte-de-su-gabinete\/","title":{"rendered":"Claudia Sheinbaum presenta primera parte de su gabinete"},"content":{"rendered":"<aside class=\"mashsb-container mashsb-main mashsb-stretched\"><div class=\"mashsb-box\"><div class=\"mashsb-count mash-large\" style=\"float:left\"><div class=\"counts mashsbcount\">1<\/div><span class=\"mashsb-sharetext\">SHARES<\/span><\/div><div class=\"mashsb-buttons\"><a class=\"mashicon-facebook mash-large mash-center mashsb-noshadow\" href=\"https:\/\/www.facebook.com\/sharer.php?u=https%3A%2F%2Fwww.zunoticia.com%2Fnoticias-de-hidalgo%2F2024%2F06%2F20%2Fclaudia-sheinbaum-presenta-primera-parte-de-su-gabinete%2F\" target=\"_top\" rel=\"nofollow\"><span class=\"icon\"><\/span><span class=\"text\">Share<\/span><\/a><a class=\"mashicon-twitter mash-large mash-center mashsb-noshadow\" href=\"https:\/\/twitter.com\/intent\/tweet?text=&amp;url=https:\/\/www.zunoticia.com\/noticias-de-hidalgo\/2024\/06\/20\/claudia-sheinbaum-presenta-primera-parte-de-su-gabinete\/\" target=\"_top\" rel=\"nofollow\"><span class=\"icon\"><\/span><span class=\"text\">Tweet<\/span><\/a><div class=\"onoffswitch2 mash-large mashsb-noshadow\" style=\"display:none\"><\/div><\/div>\n            <\/div>\n                <div style=\"clear:both\"><\/div><div class=\"mashsb-toggle-container\"><\/div><\/aside>\n            <!-- Share buttons by mashshare.net - Version: 4.0.47-->\n<ul class=\"wp-block-list\">\n<li>Present\u00f3 a los hombres y mujeres que ser\u00e1n titulares de la Secretar\u00eda de Econom\u00eda, la Secretar\u00eda de Relaciones Exteriores, la Secretar\u00eda de Agricultura, Secretar\u00eda de Medio Ambiente y la Consejer\u00eda Jur\u00eddica<\/li>\n<\/ul>\n\n\n\n<ul class=\"wp-block-list\">\n<li>Anunci\u00f3 la creaci\u00f3n de la nueva Secretar\u00eda de Ciencia y Humanidades, Tecnolog\u00eda e Innovaci\u00f3n<\/li>\n<\/ul>\n\n\n\n<p>Ciudad de M\u00e9xico, a 20 de junio de 2024.- Hombres y mujeres de primera, con la preparaci\u00f3n y la experiencia necesaria para la construcci\u00f3n del segundo piso de la Transformaci\u00f3n son quienes conforman su gabinete, as\u00ed lo asegur\u00f3 la virtual presidenta electa de M\u00e9xico, Claudia Sheinbaum Pardo, durante la presentaci\u00f3n de la primera parte de su equipo de gobierno.<\/p>\n\n\n\n<p>Se trata de Marcelo Ebrard, como pr\u00f3ximo titular de la Secretar\u00eda de Econom\u00eda, quien ya fue Jefe de Gobierno de la Ciudad de M\u00e9xico y se desempe\u00f1\u00f3 como secretario de Relaciones Exteriores en el gobierno de Andr\u00e9s Manuel L\u00f3pez Obrador.<\/p>\n\n\n\n<p>Juan Ram\u00f3n de la Fuente, en la Secretar\u00eda de Relaciones Exteriores, quien fue coordinador de los Di\u00e1logos por la Transformaci\u00f3n durante la campa\u00f1a y cuenta con 20 doctorados Honoris Causa; en 2018 fue designado por el actual presidente como Embajador de M\u00e9xico ante la Organizaci\u00f3n de las Naciones Unidas (ONU).<\/p>\n\n\n\n<p>Alicia B\u00e1rcena Ibarra, en la Secretar\u00eda de Medio Ambiente y Recursos Naturales; quien actualmente es secretaria de Relaciones Exteriores del gobierno federal; cuenta con tres Doctorados Honoris Causas y es Bi\u00f3loga con maestr\u00eda en Ecolog\u00eda por la UNAM.<\/p>\n\n\n\n<p>Julio Berdegu\u00e9 Sacrist\u00e1n, en la Secretar\u00eda de Agricultura y Desarrollo Rural; fue encargado de coordinar el Eje de Desarrollo Rural y Soberan\u00eda Alimentaria en los Di\u00e1logos por la Transformaci\u00f3n; con amplia experiencia en la promoci\u00f3n del desarrollo agr\u00edcola en M\u00e9xico, coordinador del Centro Latinoamericano para el Desarrollo Rural desde 1999.<\/p>\n\n\n\n<p>Ernestina Godoy, como titular de la Consejer\u00eda Jur\u00eddica; fue Fiscal General de Justicia en la Ciudad de M\u00e9xico; con amplia experiencia y trayectoria jur\u00eddica, hoy es senadora electa por el pueblo de M\u00e9xico.<\/p>\n\n\n\n<p>Adem\u00e1s, anunci\u00f3 la creaci\u00f3n de la nueva Secretar\u00eda de Ciencias, Humanidades, Tecnolog\u00eda e Innovaci\u00f3n, que estar\u00e1 a cargo de Rosaura Ruiz Guti\u00e9rrez, quien es Doctora en Biolog\u00eda por la UNAM y se desempe\u00f1\u00f3 como secretaria de Educaci\u00f3n, Ciencia, Tecnolog\u00eda e Innovaci\u00f3n en la Ciudad de M\u00e9xico.<\/p>\n","protected":false},"excerpt":{"rendered":"<p>Ciudad de M\u00e9xico, a 20 de junio de 2024.- Hombres y mujeres de primera, con la preparaci\u00f3n y la experiencia necesaria para la construcci\u00f3n del segundo piso de la Transformaci\u00f3n son quienes conforman su gabinete, as\u00ed lo asegur\u00f3 la virtual presidenta electa de M\u00e9xico, Claudia Sheinbaum Pardo, durante la presentaci\u00f3n de la primera parte de&hellip; <a class=\"more-link\" href=\"https:\/\/www.zunoticia.com\/noticias-de-hidalgo\/2024\/06\/20\/claudia-sheinbaum-presenta-primera-parte-de-su-gabinete\/\">Seguir leyendo <span class=\"screen-reader-text\">Claudia Sheinbaum presenta primera parte de su gabinete<\/span><\/a><\/p>\n","protected":false},"author":20,"featured_media":545950,"comment_status":"open","ping_status":"open","sticky":false,"template":"","format":"standard","meta":{"rop_custom_images_group":[],"rop_custom_messages_group":[],"rop_publish_now":"yes","rop_publish_now_accounts":{"facebook_10159540855086992_322828327761733":""},"rop_publish_now_history":[],"rop_publish_now_status":"pending","footnotes":""},"categories":[1],"tags":[217],"class_list":["post-545949","post","type-post","status-publish","format-standard","has-post-thumbnail","hentry","category-sin-categoria","tag-nacional","entry"],"_links":{"self":[{"href":"https:\/\/www.zunoticia.com\/noticias-de-hidalgo\/wp-json\/wp\/v2\/posts\/545949","targetHints":{"allow":["GET"]}}],"collection":[{"href":"https:\/\/www.zunoticia.com\/noticias-de-hidalgo\/wp-json\/wp\/v2\/posts"}],"about":[{"href":"https:\/\/www.zunoticia.com\/noticias-de-hidalgo\/wp-json\/wp\/v2\/types\/post"}],"author":[{"embeddable":true,"href":"https:\/\/www.zunoticia.com\/noticias-de-hidalgo\/wp-json\/wp\/v2\/users\/20"}],"replies":[{"embeddable":true,"href":"https:\/\/www.zunoticia.com\/noticias-de-hidalgo\/wp-json\/wp\/v2\/comments?post=545949"}],"version-history":[{"count":1,"href":"https:\/\/www.zunoticia.com\/noticias-de-hidalgo\/wp-json\/wp\/v2\/posts\/545949\/revisions"}],"predecessor-version":[{"id":545951,"href":"https:\/\/www.zunoticia.com\/noticias-de-hidalgo\/wp-json\/wp\/v2\/posts\/545949\/revisions\/545951"}],"wp:featuredmedia":[{"embeddable":true,"href":"https:\/\/www.zunoticia.com\/noticias-de-hidalgo\/wp-json\/wp\/v2\/media\/545950"}],"wp:attachment":[{"href":"https:\/\/www.zunoticia.com\/noticias-de-hidalgo\/wp-json\/wp\/v2\/media?parent=545949"}],"wp:term":[{"taxonomy":"category","embeddable":true,"href":"https:\/\/www.zunoticia.com\/noticias-de-hidalgo\/wp-json\/wp\/v2\/categories?post=545949"},{"taxonomy":"post_tag","embeddable":true,"href":"https:\/\/www.zunoticia.com\/noticias-de-hidalgo\/wp-json\/wp\/v2\/tags?post=545949"}],"curies":[{"name":"wp","href":"https:\/\/api.w.org\/{rel}","templated":true}]}}