{"id":546196,"date":"2024-06-21T18:24:09","date_gmt":"2024-06-22T00:24:09","guid":{"rendered":"https:\/\/www.zunoticia.com\/noticias-de-hidalgo\/?p=546196"},"modified":"2024-06-21T18:24:13","modified_gmt":"2024-06-22T00:24:13","slug":"preparan-celebracion-del-dia-del-abogado","status":"publish","type":"post","link":"https:\/\/www.zunoticia.com\/noticias-de-hidalgo\/2024\/06\/21\/preparan-celebracion-del-dia-del-abogado\/","title":{"rendered":"Preparan celebraci\u00f3n del D\u00eda del Abogado"},"content":{"rendered":"<aside class=\"mashsb-container mashsb-main mashsb-stretched\"><div class=\"mashsb-box\"><div class=\"mashsb-count mash-large\" style=\"float:left\"><div class=\"counts mashsbcount\">1<\/div><span class=\"mashsb-sharetext\">SHARES<\/span><\/div><div class=\"mashsb-buttons\"><a class=\"mashicon-facebook mash-large mash-center mashsb-noshadow\" href=\"https:\/\/www.facebook.com\/sharer.php?u=https%3A%2F%2Fwww.zunoticia.com%2Fnoticias-de-hidalgo%2F2024%2F06%2F21%2Fpreparan-celebracion-del-dia-del-abogado%2F\" target=\"_top\" rel=\"nofollow\"><span class=\"icon\"><\/span><span class=\"text\">Share<\/span><\/a><a class=\"mashicon-twitter mash-large mash-center mashsb-noshadow\" href=\"https:\/\/twitter.com\/intent\/tweet?text=&amp;url=https:\/\/www.zunoticia.com\/noticias-de-hidalgo\/2024\/06\/21\/preparan-celebracion-del-dia-del-abogado\/\" target=\"_top\" rel=\"nofollow\"><span class=\"icon\"><\/span><span class=\"text\">Tweet<\/span><\/a><div class=\"onoffswitch2 mash-large mashsb-noshadow\" style=\"display:none\"><\/div><\/div>\n            <\/div>\n                <div style=\"clear:both\"><\/div><div class=\"mashsb-toggle-container\"><\/div><\/aside>\n            <!-- Share buttons by mashshare.net - Version: 4.0.47-->\n<p><em>Por Enedino Hern\u00e1ndez\/Zunoticia<\/em><\/p>\n\n\n\n<p><strong>Huejutla, Hgo<\/strong>.- Con toda anticipaci\u00f3n se llevan a cabo los preparativos correspondientes para la celebraci\u00f3n el 12 de julio, del D\u00eda del Abogado, as\u00ed lo confirm\u00f3 el vicepresidente de la Asociaci\u00f3n de Abogados de la Huasteca Hidalguense, Juan Fern\u00e1ndez Rojas.<\/p>\n\n\n\n<p>Dijo que, de manera conjunta con el presidente de la Asociaci\u00f3n, Licenciado Enrique Fayad Herrera, se programan algunas actividades para el d\u00eda 12 de julio, cuando se espera la asistencia de conferencistas y autoridades del distrito, tanto del Ministerio P\u00fablico como del Juzgado para darle realce a este evento.<\/p>\n\n\n\n<p>Abund\u00f3 que, la Asociaci\u00f3n de Abogados de la Huasteca Hidalguense est\u00e1 conformada por un promedio de 40 litigantes, pero, se tiene tambi\u00e9n otras organizaciones, quienes ser\u00e1n invitados a estas actividades.<\/p>\n\n\n\n<p>Asegur\u00f3 que, como integrantes de la Asociaci\u00f3n de Abogados de la Huasteca Hidalguense se mantienen en una constante capacitaci\u00f3n y actualizaci\u00f3n de sus conocimientos para el adecuado servicio a la ciudadan\u00eda.<\/p>\n\n\n\n<p>Concluy\u00f3 que, una de las situaciones que tienen como abogados es mantenerse siempre actualizados en los conocimientos, por lo que tambi\u00e9n se pretende m\u00e1s adelante, hacer un curso sobre el Nuevo C\u00f3digo de Procedimientos Civiles a nivel federal, tema en el cual todos debemos de prepararnos.<\/p>\n\n\n\n<p><\/p>\n","protected":false},"excerpt":{"rendered":"<p>Por Enedino Hern\u00e1ndez\/Zunoticia Huejutla, Hgo.- Con toda anticipaci\u00f3n se llevan a cabo los preparativos correspondientes para la celebraci\u00f3n el 12 de julio, del D\u00eda del Abogado, as\u00ed lo confirm\u00f3 el vicepresidente de la Asociaci\u00f3n de Abogados de la Huasteca Hidalguense, Juan Fern\u00e1ndez Rojas. Dijo que, de manera conjunta con el presidente de la Asociaci\u00f3n, Licenciado&hellip; <a class=\"more-link\" href=\"https:\/\/www.zunoticia.com\/noticias-de-hidalgo\/2024\/06\/21\/preparan-celebracion-del-dia-del-abogado\/\">Seguir leyendo <span class=\"screen-reader-text\">Preparan celebraci\u00f3n del D\u00eda del Abogado<\/span><\/a><\/p>\n","protected":false},"author":20,"featured_media":546197,"comment_status":"open","ping_status":"open","sticky":false,"template":"","format":"standard","meta":{"rop_custom_images_group":[],"rop_custom_messages_group":[],"rop_publish_now":"yes","rop_publish_now_accounts":{"facebook_10159540855086992_322828327761733":""},"rop_publish_now_history":[],"rop_publish_now_status":"pending","footnotes":""},"categories":[181],"tags":[121],"class_list":["post-546196","post","type-post","status-publish","format-standard","has-post-thumbnail","hentry","category-huejutla","tag-huejutla","entry"],"_links":{"self":[{"href":"https:\/\/www.zunoticia.com\/noticias-de-hidalgo\/wp-json\/wp\/v2\/posts\/546196","targetHints":{"allow":["GET"]}}],"collection":[{"href":"https:\/\/www.zunoticia.com\/noticias-de-hidalgo\/wp-json\/wp\/v2\/posts"}],"about":[{"href":"https:\/\/www.zunoticia.com\/noticias-de-hidalgo\/wp-json\/wp\/v2\/types\/post"}],"author":[{"embeddable":true,"href":"https:\/\/www.zunoticia.com\/noticias-de-hidalgo\/wp-json\/wp\/v2\/users\/20"}],"replies":[{"embeddable":true,"href":"https:\/\/www.zunoticia.com\/noticias-de-hidalgo\/wp-json\/wp\/v2\/comments?post=546196"}],"version-history":[{"count":1,"href":"https:\/\/www.zunoticia.com\/noticias-de-hidalgo\/wp-json\/wp\/v2\/posts\/546196\/revisions"}],"predecessor-version":[{"id":546198,"href":"https:\/\/www.zunoticia.com\/noticias-de-hidalgo\/wp-json\/wp\/v2\/posts\/546196\/revisions\/546198"}],"wp:featuredmedia":[{"embeddable":true,"href":"https:\/\/www.zunoticia.com\/noticias-de-hidalgo\/wp-json\/wp\/v2\/media\/546197"}],"wp:attachment":[{"href":"https:\/\/www.zunoticia.com\/noticias-de-hidalgo\/wp-json\/wp\/v2\/media?parent=546196"}],"wp:term":[{"taxonomy":"category","embeddable":true,"href":"https:\/\/www.zunoticia.com\/noticias-de-hidalgo\/wp-json\/wp\/v2\/categories?post=546196"},{"taxonomy":"post_tag","embeddable":true,"href":"https:\/\/www.zunoticia.com\/noticias-de-hidalgo\/wp-json\/wp\/v2\/tags?post=546196"}],"curies":[{"name":"wp","href":"https:\/\/api.w.org\/{rel}","templated":true}]}}