{"id":547106,"date":"2024-06-27T11:05:02","date_gmt":"2024-06-27T17:05:02","guid":{"rendered":"https:\/\/www.zunoticia.com\/noticias-de-hidalgo\/?p=547106"},"modified":"2024-06-27T11:05:06","modified_gmt":"2024-06-27T17:05:06","slug":"consideran-elemental-fortalecer-la-reforestacion-en-la-huasteca","status":"publish","type":"post","link":"https:\/\/www.zunoticia.com\/noticias-de-hidalgo\/2024\/06\/27\/consideran-elemental-fortalecer-la-reforestacion-en-la-huasteca\/","title":{"rendered":"Consideran elemental fortalecer la reforestaci\u00f3n en la Huasteca"},"content":{"rendered":"<aside class=\"mashsb-container mashsb-main mashsb-stretched\"><div class=\"mashsb-box\"><div class=\"mashsb-count mash-large\" style=\"float:left\"><div class=\"counts mashsbcount\">1<\/div><span class=\"mashsb-sharetext\">SHARES<\/span><\/div><div class=\"mashsb-buttons\"><a class=\"mashicon-facebook mash-large mash-center mashsb-noshadow\" href=\"https:\/\/www.facebook.com\/sharer.php?u=https%3A%2F%2Fwww.zunoticia.com%2Fnoticias-de-hidalgo%2F2024%2F06%2F27%2Fconsideran-elemental-fortalecer-la-reforestacion-en-la-huasteca%2F\" target=\"_top\" rel=\"nofollow\"><span class=\"icon\"><\/span><span class=\"text\">Share<\/span><\/a><a class=\"mashicon-twitter mash-large mash-center mashsb-noshadow\" href=\"https:\/\/twitter.com\/intent\/tweet?text=&amp;url=https:\/\/www.zunoticia.com\/noticias-de-hidalgo\/2024\/06\/27\/consideran-elemental-fortalecer-la-reforestacion-en-la-huasteca\/\" target=\"_top\" rel=\"nofollow\"><span class=\"icon\"><\/span><span class=\"text\">Tweet<\/span><\/a><div class=\"onoffswitch2 mash-large mashsb-noshadow\" style=\"display:none\"><\/div><\/div>\n            <\/div>\n                <div style=\"clear:both\"><\/div><div class=\"mashsb-toggle-container\"><\/div><\/aside>\n            <!-- Share buttons by mashshare.net - Version: 4.0.47-->\n<p><em>Por Enedino Hern\u00e1ndez\/Zunoticia<\/em><\/p>\n\n\n\n<p><strong>Huejutla de Reyes, Hidalgo.-<\/strong> El profesor Enrique Mart\u00ednez Hern\u00e1ndez, considera que es importante fortalecer la reforestaci\u00f3n en esta zona de la Huasteca, sobre todo para poder brindar protecci\u00f3n al agua y con ello mantener un desarrollo adecuado de los seres vivos, en especial de nosotros como seres humanos, por ello, se\u00f1ala que es importante que todas las autoridades deben de fortalecer e impulsar entre la poblaci\u00f3n la cultura de sembrar arbolitos.<\/p>\n\n\n\n<p>Detalla que todos deben de asumir el compromiso de sembrar arbolitos, ya sea frutales, maderables y de todo tipo, la idea es reforestar todos los espacios que se tengan disponibles.<\/p>\n\n\n\n<p>Dijo que en las instituciones educativas se debe de concientizar a los alumnos para que de acuerdo a sus posibilidades fortalezcan la cultura de sembrar arbolitos, de reforestar esta zona de la Huasteca y de esta manera poder tener una vida mejor.<\/p>\n\n\n\n<p>\u201cLo ideal es tener espacios apropiados para que puedan vivir nuestros hijos y nietos, por ello; todos debemos de participar conscientemente en la siembra de todo tipo de arbolitos para mejorar nuestro entorno ecol\u00f3gico\u201d. Considera que los padres de familia y maestros, junto con los alumnos, y el p\u00fablico en general, todos en unidad y con un solo compromiso deben de impulsar y fortalecer la reforestaci\u00f3n de todos los espacios para crear o generar un ambiente m\u00e1s amigable con el clima.<\/p>\n","protected":false},"excerpt":{"rendered":"<p>Por Enedino Hern\u00e1ndez\/Zunoticia Huejutla de Reyes, Hidalgo.- El profesor Enrique Mart\u00ednez Hern\u00e1ndez, considera que es importante fortalecer la reforestaci\u00f3n en esta zona de la Huasteca, sobre todo para poder brindar protecci\u00f3n al agua y con ello mantener un desarrollo adecuado de los seres vivos, en especial de nosotros como seres humanos, por ello, se\u00f1ala que&hellip; <a class=\"more-link\" href=\"https:\/\/www.zunoticia.com\/noticias-de-hidalgo\/2024\/06\/27\/consideran-elemental-fortalecer-la-reforestacion-en-la-huasteca\/\">Seguir leyendo <span class=\"screen-reader-text\">Consideran elemental fortalecer la reforestaci\u00f3n en la Huasteca<\/span><\/a><\/p>\n","protected":false},"author":23,"featured_media":547107,"comment_status":"open","ping_status":"open","sticky":false,"template":"","format":"standard","meta":{"rop_custom_images_group":[],"rop_custom_messages_group":[],"rop_publish_now":"initial","rop_publish_now_accounts":{"facebook_10159540855086992_322828327761733":""},"rop_publish_now_history":[],"rop_publish_now_status":"pending","footnotes":""},"categories":[181],"tags":[121],"class_list":["post-547106","post","type-post","status-publish","format-standard","has-post-thumbnail","hentry","category-huejutla","tag-huejutla","entry"],"_links":{"self":[{"href":"https:\/\/www.zunoticia.com\/noticias-de-hidalgo\/wp-json\/wp\/v2\/posts\/547106","targetHints":{"allow":["GET"]}}],"collection":[{"href":"https:\/\/www.zunoticia.com\/noticias-de-hidalgo\/wp-json\/wp\/v2\/posts"}],"about":[{"href":"https:\/\/www.zunoticia.com\/noticias-de-hidalgo\/wp-json\/wp\/v2\/types\/post"}],"author":[{"embeddable":true,"href":"https:\/\/www.zunoticia.com\/noticias-de-hidalgo\/wp-json\/wp\/v2\/users\/23"}],"replies":[{"embeddable":true,"href":"https:\/\/www.zunoticia.com\/noticias-de-hidalgo\/wp-json\/wp\/v2\/comments?post=547106"}],"version-history":[{"count":1,"href":"https:\/\/www.zunoticia.com\/noticias-de-hidalgo\/wp-json\/wp\/v2\/posts\/547106\/revisions"}],"predecessor-version":[{"id":547108,"href":"https:\/\/www.zunoticia.com\/noticias-de-hidalgo\/wp-json\/wp\/v2\/posts\/547106\/revisions\/547108"}],"wp:featuredmedia":[{"embeddable":true,"href":"https:\/\/www.zunoticia.com\/noticias-de-hidalgo\/wp-json\/wp\/v2\/media\/547107"}],"wp:attachment":[{"href":"https:\/\/www.zunoticia.com\/noticias-de-hidalgo\/wp-json\/wp\/v2\/media?parent=547106"}],"wp:term":[{"taxonomy":"category","embeddable":true,"href":"https:\/\/www.zunoticia.com\/noticias-de-hidalgo\/wp-json\/wp\/v2\/categories?post=547106"},{"taxonomy":"post_tag","embeddable":true,"href":"https:\/\/www.zunoticia.com\/noticias-de-hidalgo\/wp-json\/wp\/v2\/tags?post=547106"}],"curies":[{"name":"wp","href":"https:\/\/api.w.org\/{rel}","templated":true}]}}