{"id":547160,"date":"2024-06-27T17:37:34","date_gmt":"2024-06-27T23:37:34","guid":{"rendered":"https:\/\/www.zunoticia.com\/noticias-de-hidalgo\/?p=547160"},"modified":"2024-06-27T17:37:38","modified_gmt":"2024-06-27T23:37:38","slug":"no-hay-coordinador-del-transporte-en-huejutla","status":"publish","type":"post","link":"https:\/\/www.zunoticia.com\/noticias-de-hidalgo\/2024\/06\/27\/no-hay-coordinador-del-transporte-en-huejutla\/","title":{"rendered":"No hay coordinador del Transporte en Huejutla"},"content":{"rendered":"<aside class=\"mashsb-container mashsb-main mashsb-stretched\"><div class=\"mashsb-box\"><div class=\"mashsb-count mash-large\" style=\"float:left\"><div class=\"counts mashsbcount\">0<\/div><span class=\"mashsb-sharetext\">SHARES<\/span><\/div><div class=\"mashsb-buttons\"><a class=\"mashicon-facebook mash-large mash-center mashsb-noshadow\" href=\"https:\/\/www.facebook.com\/sharer.php?u=https%3A%2F%2Fwww.zunoticia.com%2Fnoticias-de-hidalgo%2F2024%2F06%2F27%2Fno-hay-coordinador-del-transporte-en-huejutla%2F\" target=\"_top\" rel=\"nofollow\"><span class=\"icon\"><\/span><span class=\"text\">Share<\/span><\/a><a class=\"mashicon-twitter mash-large mash-center mashsb-noshadow\" href=\"https:\/\/twitter.com\/intent\/tweet?text=&amp;url=https:\/\/www.zunoticia.com\/noticias-de-hidalgo\/2024\/06\/27\/no-hay-coordinador-del-transporte-en-huejutla\/\" target=\"_top\" rel=\"nofollow\"><span class=\"icon\"><\/span><span class=\"text\">Tweet<\/span><\/a><div class=\"onoffswitch2 mash-large mashsb-noshadow\" style=\"display:none\"><\/div><\/div>\n            <\/div>\n                <div style=\"clear:both\"><\/div><div class=\"mashsb-toggle-container\"><\/div><\/aside>\n            <!-- Share buttons by mashshare.net - Version: 4.0.47-->\n<p><em>Por Mois\u00e9s Medrano\/Zunoticia<\/em><\/p>\n\n\n\n<p><strong>Huejutla, Hgo.-<\/strong>&nbsp; A varios meses de que la coordinaci\u00f3n del Sistema de Transporte Convencional de Huejutla no tiene un coordinador visible en los trabajos con el amplio sector, aun as\u00ed dicha oficina entrega los servicios a los transportistas y tr\u00e1mites permanentes.<\/p>\n\n\n\n<p>&nbsp;En una visita a la dependencia, ubicada en la colonia 5 de Mayo, se busc\u00f3 constatar si existe alg\u00fan funcionario que nos pudiera responder sobre los tr\u00e1mites que se realizan en las oficinas y el personal dijo que, ellos no ten\u00eda permitido dar a conocer los procedimientos administrativos que se hacen.<\/p>\n\n\n\n<p>&nbsp;Una larga fila de concesionarios realizaban tr\u00e1mites de revista y renovaci\u00f3n de documentaci\u00f3n o tr\u00e1mites naturales, que se hacen y lo que s\u00ed dejaron en claro, es que llevan varios meses sin alguien responsable en la dependencia, pues se habr\u00eda quedado ac\u00e9fala desde antes del proceso electoral.<\/p>\n","protected":false},"excerpt":{"rendered":"<p>Por Mois\u00e9s Medrano\/Zunoticia Huejutla, Hgo.-&nbsp; A varios meses de que la coordinaci\u00f3n del Sistema de Transporte Convencional de Huejutla no tiene un coordinador visible en los trabajos con el amplio sector, aun as\u00ed dicha oficina entrega los servicios a los transportistas y tr\u00e1mites permanentes. &nbsp;En una visita a la dependencia, ubicada en la colonia 5&hellip; <a class=\"more-link\" href=\"https:\/\/www.zunoticia.com\/noticias-de-hidalgo\/2024\/06\/27\/no-hay-coordinador-del-transporte-en-huejutla\/\">Seguir leyendo <span class=\"screen-reader-text\">No hay coordinador del Transporte en Huejutla<\/span><\/a><\/p>\n","protected":false},"author":20,"featured_media":547161,"comment_status":"open","ping_status":"open","sticky":false,"template":"","format":"standard","meta":{"rop_custom_images_group":[],"rop_custom_messages_group":[],"rop_publish_now":"yes","rop_publish_now_accounts":{"facebook_10159540855086992_322828327761733":""},"rop_publish_now_history":[],"rop_publish_now_status":"pending","footnotes":""},"categories":[181],"tags":[121],"class_list":["post-547160","post","type-post","status-publish","format-standard","has-post-thumbnail","hentry","category-huejutla","tag-huejutla","entry"],"_links":{"self":[{"href":"https:\/\/www.zunoticia.com\/noticias-de-hidalgo\/wp-json\/wp\/v2\/posts\/547160","targetHints":{"allow":["GET"]}}],"collection":[{"href":"https:\/\/www.zunoticia.com\/noticias-de-hidalgo\/wp-json\/wp\/v2\/posts"}],"about":[{"href":"https:\/\/www.zunoticia.com\/noticias-de-hidalgo\/wp-json\/wp\/v2\/types\/post"}],"author":[{"embeddable":true,"href":"https:\/\/www.zunoticia.com\/noticias-de-hidalgo\/wp-json\/wp\/v2\/users\/20"}],"replies":[{"embeddable":true,"href":"https:\/\/www.zunoticia.com\/noticias-de-hidalgo\/wp-json\/wp\/v2\/comments?post=547160"}],"version-history":[{"count":1,"href":"https:\/\/www.zunoticia.com\/noticias-de-hidalgo\/wp-json\/wp\/v2\/posts\/547160\/revisions"}],"predecessor-version":[{"id":547162,"href":"https:\/\/www.zunoticia.com\/noticias-de-hidalgo\/wp-json\/wp\/v2\/posts\/547160\/revisions\/547162"}],"wp:featuredmedia":[{"embeddable":true,"href":"https:\/\/www.zunoticia.com\/noticias-de-hidalgo\/wp-json\/wp\/v2\/media\/547161"}],"wp:attachment":[{"href":"https:\/\/www.zunoticia.com\/noticias-de-hidalgo\/wp-json\/wp\/v2\/media?parent=547160"}],"wp:term":[{"taxonomy":"category","embeddable":true,"href":"https:\/\/www.zunoticia.com\/noticias-de-hidalgo\/wp-json\/wp\/v2\/categories?post=547160"},{"taxonomy":"post_tag","embeddable":true,"href":"https:\/\/www.zunoticia.com\/noticias-de-hidalgo\/wp-json\/wp\/v2\/tags?post=547160"}],"curies":[{"name":"wp","href":"https:\/\/api.w.org\/{rel}","templated":true}]}}