{"id":547163,"date":"2024-06-27T17:44:46","date_gmt":"2024-06-27T23:44:46","guid":{"rendered":"https:\/\/www.zunoticia.com\/noticias-de-hidalgo\/?p=547163"},"modified":"2024-06-27T17:44:50","modified_gmt":"2024-06-27T23:44:50","slug":"agradecido-con-dios-escucho-el-clamor-de-la-gente-angustiantes-las-ultimas-semanas-por-el-estiaje","status":"publish","type":"post","link":"https:\/\/www.zunoticia.com\/noticias-de-hidalgo\/2024\/06\/27\/agradecido-con-dios-escucho-el-clamor-de-la-gente-angustiantes-las-ultimas-semanas-por-el-estiaje\/","title":{"rendered":"Agradecido con Dios, escuch\u00f3 el clamor de la gente, angustiantes las \u00faltimas semanas por el estiaje"},"content":{"rendered":"<aside class=\"mashsb-container mashsb-main mashsb-stretched\"><div class=\"mashsb-box\"><div class=\"mashsb-count mash-large\" style=\"float:left\"><div class=\"counts mashsbcount\">14<\/div><span class=\"mashsb-sharetext\">SHARES<\/span><\/div><div class=\"mashsb-buttons\"><a class=\"mashicon-facebook mash-large mash-center mashsb-noshadow\" href=\"https:\/\/www.facebook.com\/sharer.php?u=https%3A%2F%2Fwww.zunoticia.com%2Fnoticias-de-hidalgo%2F2024%2F06%2F27%2Fagradecido-con-dios-escucho-el-clamor-de-la-gente-angustiantes-las-ultimas-semanas-por-el-estiaje%2F\" target=\"_top\" rel=\"nofollow\"><span class=\"icon\"><\/span><span class=\"text\">Share<\/span><\/a><a class=\"mashicon-twitter mash-large mash-center mashsb-noshadow\" href=\"https:\/\/twitter.com\/intent\/tweet?text=&amp;url=https:\/\/www.zunoticia.com\/noticias-de-hidalgo\/2024\/06\/27\/agradecido-con-dios-escucho-el-clamor-de-la-gente-angustiantes-las-ultimas-semanas-por-el-estiaje\/\" target=\"_top\" rel=\"nofollow\"><span class=\"icon\"><\/span><span class=\"text\">Tweet<\/span><\/a><div class=\"onoffswitch2 mash-large mashsb-noshadow\" style=\"display:none\"><\/div><\/div>\n            <\/div>\n                <div style=\"clear:both\"><\/div><div class=\"mashsb-toggle-container\"><\/div><\/aside>\n            <!-- Share buttons by mashshare.net - Version: 4.0.47-->\n<p><em>Por Enedino Hern\u00e1ndez\/Zunoticia<\/em><\/p>\n\n\n\n<p><strong>Huejutla, Hgo<\/strong>. \u2013 El expresidente de la Asociaci\u00f3n Ganadera Local en Huejutla de Reyes, Rafael Barrag\u00e1n Monterrubio, se dijo agradecido con Dios, pues escuch\u00f3 el clamor de la gente, \u201cHan sido muy angustiantes las \u00faltimas semanas a consecuencia del estiaje, las lluvias que han ca\u00eddo son ben\u00e9ficas, m\u00e1s no suficientes\u201d.<\/p>\n\n\n\n<p>Reconoci\u00f3 que, la temporada de estiaje lamentablemente caus\u00f3 grandes p\u00e9rdidas para quienes se dedican a la actividad agr\u00edcola como al ganadero, y la producci\u00f3n que se espera para los pr\u00f3ximos meses, sobre todo en la agr\u00edcola y citr\u00edcola, pues muchas personas dependen de la producci\u00f3n de la naranja, la fruta se cay\u00f3 y esto fue por el estado de estr\u00e9s que sufrieron las plantas, algunas se han secado.<\/p>\n\n\n\n<p>Subraya que, en el sector agr\u00edcola, la gente no pod\u00eda trabajar en el campo pues no se ten\u00eda la esperanza de las lluvias, \u201cpero gracias al Se\u00f1or las lluvias llegaron y de alg\u00fan modo vinieron a aliviar la necesidad prioritaria.<\/p>\n\n\n\n<p>Sin embargo, a\u00fan nos falta, nos informan que los abrevaderos que tenemos los que nos dedicamos al sector ganadero, pues siguen estando pr\u00e1cticamente en las mismas condiciones, no ha llovido lo suficiente como para empezar a tener un almacenaje de agua que se requiere\u201d.<\/p>\n\n\n\n<p>A\u00f1adi\u00f3 \u201clo que ha ca\u00eddo de lluvia al momento, de alguna manera como poblaci\u00f3n, como seres humanos estamos m\u00e1s aliviados; ten\u00edamos una urgente necesidad de agua en colonias y comunidades, se ve\u00eda c\u00f3mo camiones y camionetas se trasladaban de un lugar a otro en busca del vital l\u00edquido para uso dom\u00e9stico, esto de alg\u00fan modo ya se aliger\u00f3, incluso el r\u00edo de los Hules que no ten\u00eda muchas posibilidades de poder extraer agua de ese lugar, sin embargo; el campo necesita a\u00fan m\u00e1s del vital l\u00edquido\u201d.<\/p>\n\n\n\n<p>Rafael Barrag\u00e1n, agradeci\u00f3 a Dios porque la temporada de lluvias ya inici\u00f3 y seguramente todo se ir\u00e1 dando poco a poco en los d\u00edas que vienen, \u201clas lluvias habr\u00e1n de depositarse en los abrevaderos que se tienen ya preparados para almacenar el l\u00edquido y con ello, poder mantener al ganado.<\/p>\n\n\n\n<p><\/p>\n","protected":false},"excerpt":{"rendered":"<p>Por Enedino Hern\u00e1ndez\/Zunoticia Huejutla, Hgo. \u2013 El expresidente de la Asociaci\u00f3n Ganadera Local en Huejutla de Reyes, Rafael Barrag\u00e1n Monterrubio, se dijo agradecido con Dios, pues escuch\u00f3 el clamor de la gente, \u201cHan sido muy angustiantes las \u00faltimas semanas a consecuencia del estiaje, las lluvias que han ca\u00eddo son ben\u00e9ficas, m\u00e1s no suficientes\u201d. Reconoci\u00f3 que,&hellip; <a class=\"more-link\" href=\"https:\/\/www.zunoticia.com\/noticias-de-hidalgo\/2024\/06\/27\/agradecido-con-dios-escucho-el-clamor-de-la-gente-angustiantes-las-ultimas-semanas-por-el-estiaje\/\">Seguir leyendo <span class=\"screen-reader-text\">Agradecido con Dios, escuch\u00f3 el clamor de la gente, angustiantes las \u00faltimas semanas por el estiaje<\/span><\/a><\/p>\n","protected":false},"author":20,"featured_media":547164,"comment_status":"open","ping_status":"open","sticky":false,"template":"","format":"standard","meta":{"rop_custom_images_group":[],"rop_custom_messages_group":[],"rop_publish_now":"yes","rop_publish_now_accounts":{"facebook_10159540855086992_322828327761733":""},"rop_publish_now_history":[],"rop_publish_now_status":"pending","footnotes":""},"categories":[181],"tags":[121],"class_list":["post-547163","post","type-post","status-publish","format-standard","has-post-thumbnail","hentry","category-huejutla","tag-huejutla","entry"],"_links":{"self":[{"href":"https:\/\/www.zunoticia.com\/noticias-de-hidalgo\/wp-json\/wp\/v2\/posts\/547163","targetHints":{"allow":["GET"]}}],"collection":[{"href":"https:\/\/www.zunoticia.com\/noticias-de-hidalgo\/wp-json\/wp\/v2\/posts"}],"about":[{"href":"https:\/\/www.zunoticia.com\/noticias-de-hidalgo\/wp-json\/wp\/v2\/types\/post"}],"author":[{"embeddable":true,"href":"https:\/\/www.zunoticia.com\/noticias-de-hidalgo\/wp-json\/wp\/v2\/users\/20"}],"replies":[{"embeddable":true,"href":"https:\/\/www.zunoticia.com\/noticias-de-hidalgo\/wp-json\/wp\/v2\/comments?post=547163"}],"version-history":[{"count":1,"href":"https:\/\/www.zunoticia.com\/noticias-de-hidalgo\/wp-json\/wp\/v2\/posts\/547163\/revisions"}],"predecessor-version":[{"id":547165,"href":"https:\/\/www.zunoticia.com\/noticias-de-hidalgo\/wp-json\/wp\/v2\/posts\/547163\/revisions\/547165"}],"wp:featuredmedia":[{"embeddable":true,"href":"https:\/\/www.zunoticia.com\/noticias-de-hidalgo\/wp-json\/wp\/v2\/media\/547164"}],"wp:attachment":[{"href":"https:\/\/www.zunoticia.com\/noticias-de-hidalgo\/wp-json\/wp\/v2\/media?parent=547163"}],"wp:term":[{"taxonomy":"category","embeddable":true,"href":"https:\/\/www.zunoticia.com\/noticias-de-hidalgo\/wp-json\/wp\/v2\/categories?post=547163"},{"taxonomy":"post_tag","embeddable":true,"href":"https:\/\/www.zunoticia.com\/noticias-de-hidalgo\/wp-json\/wp\/v2\/tags?post=547163"}],"curies":[{"name":"wp","href":"https:\/\/api.w.org\/{rel}","templated":true}]}}