{"id":549602,"date":"2024-07-12T16:39:04","date_gmt":"2024-07-12T22:39:04","guid":{"rendered":"https:\/\/www.zunoticia.com\/noticias-de-hidalgo\/?p=549602"},"modified":"2024-07-12T16:39:08","modified_gmt":"2024-07-12T22:39:08","slug":"por-periodo-vacacional-en-juzgados-abogados-se-actualizaran","status":"publish","type":"post","link":"https:\/\/www.zunoticia.com\/noticias-de-hidalgo\/2024\/07\/12\/por-periodo-vacacional-en-juzgados-abogados-se-actualizaran\/","title":{"rendered":"Por periodo vacacional en juzgados, abogados se actualizar\u00e1n"},"content":{"rendered":"<aside class=\"mashsb-container mashsb-main mashsb-stretched\"><div class=\"mashsb-box\"><div class=\"mashsb-count mash-large\" style=\"float:left\"><div class=\"counts mashsbcount\">3<\/div><span class=\"mashsb-sharetext\">SHARES<\/span><\/div><div class=\"mashsb-buttons\"><a class=\"mashicon-facebook mash-large mash-center mashsb-noshadow\" href=\"https:\/\/www.facebook.com\/sharer.php?u=https%3A%2F%2Fwww.zunoticia.com%2Fnoticias-de-hidalgo%2F2024%2F07%2F12%2Fpor-periodo-vacacional-en-juzgados-abogados-se-actualizaran%2F\" target=\"_top\" rel=\"nofollow\"><span class=\"icon\"><\/span><span class=\"text\">Share<\/span><\/a><a class=\"mashicon-twitter mash-large mash-center mashsb-noshadow\" href=\"https:\/\/twitter.com\/intent\/tweet?text=&amp;url=https:\/\/www.zunoticia.com\/noticias-de-hidalgo\/2024\/07\/12\/por-periodo-vacacional-en-juzgados-abogados-se-actualizaran\/\" target=\"_top\" rel=\"nofollow\"><span class=\"icon\"><\/span><span class=\"text\">Tweet<\/span><\/a><div class=\"onoffswitch2 mash-large mashsb-noshadow\" style=\"display:none\"><\/div><\/div>\n            <\/div>\n                <div style=\"clear:both\"><\/div><div class=\"mashsb-toggle-container\"><\/div><\/aside>\n            <!-- Share buttons by mashshare.net - Version: 4.0.47-->\n<p><em>Por Enedino Hern\u00e1ndez\/Zunoticia<\/em><\/p>\n\n\n\n<p><strong>Huejutla, Hgo<\/strong>.- El vicepresidente de la Asociaci\u00f3n de Abogados de la Huasteca Hidalguense, Juan Fern\u00e1ndez Rojas, confirm\u00f3 que, personal que labora en los Juzgados Civiles y Familiares del Poder Judicial en el Estado estar\u00e1n por espacio de dos semanas consecutivas en periodo vacacional, por lo que se suspender\u00e1n los t\u00e9rminos legales de los casos correspondientes y por lo tanto, los abogados aprovechar\u00e1n este lapso vacacional para poder actualizarse.<\/p>\n\n\n\n<p>Dijo que, el periodo vacacional es por dos semanas para todos los empleados del Poder Judicial del Estado de Hidalgo, por lo que a los abogados litigantes se les disminuye el trabajo; en donde s\u00ed seguir\u00e1n trabajando es en el Ministerio P\u00fablico, ya que ellos dejan las guardias correspondientes.<\/p>\n\n\n\n<p>Coment\u00f3 que, cuando el personal del Poder Judicial se va a un periodo vacacional, es cuando disminuye la actividad laboral, tiempo en que los abogados litigantes aprovechan para realizar otras actividades como es la actualizaci\u00f3n de los conocimientos.<\/p>\n\n\n\n<p>A\u00f1adi\u00f3 que, durante la primera semana del mes de agosto es cuando nuevamente se reanudan las actividades en estas dependencias y con ello, los abogados litigantes nuevamente reanudan con la atenci\u00f3n y seguimiento de los casos que atienden en los Juzgados.<\/p>\n\n\n\n<p>Juan Fern\u00e1ndez Rojas recomienda a sus agremiados que durante este lapso de dos semanas realicen algunas actividades de tipo acad\u00e9mico de actualizaci\u00f3n, as\u00ed como algunas reuniones para comentar sobre la Reforma del Poder Judicial y dem\u00e1s situaciones que ata\u00f1en a la profesi\u00f3n de la abogac\u00eda.<\/p>\n\n\n\n<p><\/p>\n","protected":false},"excerpt":{"rendered":"<p>Por Enedino Hern\u00e1ndez\/Zunoticia Huejutla, Hgo.- El vicepresidente de la Asociaci\u00f3n de Abogados de la Huasteca Hidalguense, Juan Fern\u00e1ndez Rojas, confirm\u00f3 que, personal que labora en los Juzgados Civiles y Familiares del Poder Judicial en el Estado estar\u00e1n por espacio de dos semanas consecutivas en periodo vacacional, por lo que se suspender\u00e1n los t\u00e9rminos legales de&hellip; <a class=\"more-link\" href=\"https:\/\/www.zunoticia.com\/noticias-de-hidalgo\/2024\/07\/12\/por-periodo-vacacional-en-juzgados-abogados-se-actualizaran\/\">Seguir leyendo <span class=\"screen-reader-text\">Por periodo vacacional en juzgados, abogados se actualizar\u00e1n<\/span><\/a><\/p>\n","protected":false},"author":20,"featured_media":549603,"comment_status":"open","ping_status":"open","sticky":false,"template":"","format":"standard","meta":{"rop_custom_images_group":[],"rop_custom_messages_group":[],"rop_publish_now":"yes","rop_publish_now_accounts":{"facebook_10159540855086992_322828327761733":""},"rop_publish_now_history":[],"rop_publish_now_status":"pending","footnotes":""},"categories":[181],"tags":[121],"class_list":["post-549602","post","type-post","status-publish","format-standard","has-post-thumbnail","hentry","category-huejutla","tag-huejutla","entry"],"_links":{"self":[{"href":"https:\/\/www.zunoticia.com\/noticias-de-hidalgo\/wp-json\/wp\/v2\/posts\/549602","targetHints":{"allow":["GET"]}}],"collection":[{"href":"https:\/\/www.zunoticia.com\/noticias-de-hidalgo\/wp-json\/wp\/v2\/posts"}],"about":[{"href":"https:\/\/www.zunoticia.com\/noticias-de-hidalgo\/wp-json\/wp\/v2\/types\/post"}],"author":[{"embeddable":true,"href":"https:\/\/www.zunoticia.com\/noticias-de-hidalgo\/wp-json\/wp\/v2\/users\/20"}],"replies":[{"embeddable":true,"href":"https:\/\/www.zunoticia.com\/noticias-de-hidalgo\/wp-json\/wp\/v2\/comments?post=549602"}],"version-history":[{"count":1,"href":"https:\/\/www.zunoticia.com\/noticias-de-hidalgo\/wp-json\/wp\/v2\/posts\/549602\/revisions"}],"predecessor-version":[{"id":549604,"href":"https:\/\/www.zunoticia.com\/noticias-de-hidalgo\/wp-json\/wp\/v2\/posts\/549602\/revisions\/549604"}],"wp:featuredmedia":[{"embeddable":true,"href":"https:\/\/www.zunoticia.com\/noticias-de-hidalgo\/wp-json\/wp\/v2\/media\/549603"}],"wp:attachment":[{"href":"https:\/\/www.zunoticia.com\/noticias-de-hidalgo\/wp-json\/wp\/v2\/media?parent=549602"}],"wp:term":[{"taxonomy":"category","embeddable":true,"href":"https:\/\/www.zunoticia.com\/noticias-de-hidalgo\/wp-json\/wp\/v2\/categories?post=549602"},{"taxonomy":"post_tag","embeddable":true,"href":"https:\/\/www.zunoticia.com\/noticias-de-hidalgo\/wp-json\/wp\/v2\/tags?post=549602"}],"curies":[{"name":"wp","href":"https:\/\/api.w.org\/{rel}","templated":true}]}}