{"id":549619,"date":"2024-07-12T17:17:24","date_gmt":"2024-07-12T23:17:24","guid":{"rendered":"https:\/\/www.zunoticia.com\/noticias-de-hidalgo\/?p=549619"},"modified":"2024-07-12T17:17:27","modified_gmt":"2024-07-12T23:17:27","slug":"efectuaron-ceremonia-de-graduacion-en-el-cobaeh-de-mecatlan","status":"publish","type":"post","link":"https:\/\/www.zunoticia.com\/noticias-de-hidalgo\/2024\/07\/12\/efectuaron-ceremonia-de-graduacion-en-el-cobaeh-de-mecatlan\/","title":{"rendered":"Efectuaron ceremonia de graduaci\u00f3n en el COBAEH de Mecatl\u00e1n"},"content":{"rendered":"<aside class=\"mashsb-container mashsb-main mashsb-stretched\"><div class=\"mashsb-box\"><div class=\"mashsb-count mash-large\" style=\"float:left\"><div class=\"counts mashsbcount\">29<\/div><span class=\"mashsb-sharetext\">SHARES<\/span><\/div><div class=\"mashsb-buttons\"><a class=\"mashicon-facebook mash-large mash-center mashsb-noshadow\" href=\"https:\/\/www.facebook.com\/sharer.php?u=https%3A%2F%2Fwww.zunoticia.com%2Fnoticias-de-hidalgo%2F2024%2F07%2F12%2Fefectuaron-ceremonia-de-graduacion-en-el-cobaeh-de-mecatlan%2F\" target=\"_top\" rel=\"nofollow\"><span class=\"icon\"><\/span><span class=\"text\">Share<\/span><\/a><a class=\"mashicon-twitter mash-large mash-center mashsb-noshadow\" href=\"https:\/\/twitter.com\/intent\/tweet?text=&amp;url=https:\/\/www.zunoticia.com\/noticias-de-hidalgo\/2024\/07\/12\/efectuaron-ceremonia-de-graduacion-en-el-cobaeh-de-mecatlan\/\" target=\"_top\" rel=\"nofollow\"><span class=\"icon\"><\/span><span class=\"text\">Tweet<\/span><\/a><div class=\"onoffswitch2 mash-large mashsb-noshadow\" style=\"display:none\"><\/div><\/div>\n            <\/div>\n                <div style=\"clear:both\"><\/div><div class=\"mashsb-toggle-container\"><\/div><\/aside>\n            <!-- Share buttons by mashshare.net - Version: 4.0.47-->\n<p><em>Por Roberto Meza\/Zunoticia<\/em><\/p>\n\n\n\n<p><strong>Yahualica, Hgo<\/strong>.- Con un evento c\u00edvico &#8211; cultural efectuaron la ceremonia de graduaci\u00f3n de los alumnos del Colegio de Bachilleres del Estado de Hidalgo (COBAEH) plantel Mecatl\u00e1n, en el acto estuvieron autoridades municipales, educativas y delegacionales.<\/p>\n\n\n\n<p>En la ceremonia de Clausura de la Generaci\u00f3n 2021-2024, estuvieron en la mesa de honor Gloria Alicia Ch\u00e1vez Guerrero, coordinadora de la zona IV; el director de ese plantel Alfonso Hern\u00e1ndez Naranjo; la madrina de generaci\u00f3n Francisca Lara Vel\u00e1zquez, y las diferentes autoridades educativas, as\u00ed como municipales.<\/p>\n\n\n\n<p>En su participaci\u00f3n el director ante los presentes reconoci\u00f3 y felicit\u00f3 a todos los graduados, al mismo tiempo reconoci\u00f3 el esfuerzo de los padres de familia por sacar adelante a sus hijos y por confiar en esta escuela, \u201choy el COBAEH Mecatl\u00e1n entreg\u00f3 una generaci\u00f3n de alumnos para bien de la sociedad\u201d.<\/p>\n\n\n\n<figure class=\"wp-block-gallery has-nested-images columns-default is-cropped wp-block-gallery-1 is-layout-flex wp-block-gallery-is-layout-flex\">\n<figure class=\"wp-block-image size-large\"><img fetchpriority=\"high\" decoding=\"async\" width=\"933\" height=\"524\" data-id=\"549622\" src=\"https:\/\/www.zunoticia.com\/noticias-de-hidalgo\/wp-content\/uploads\/2024\/07\/Zunoticia-Huejutla-2-50.png\" alt=\"\" class=\"wp-image-549622\"\/><\/figure>\n\n\n\n<figure class=\"wp-block-image size-large\"><img decoding=\"async\" width=\"933\" height=\"524\" data-id=\"549621\" src=\"https:\/\/www.zunoticia.com\/noticias-de-hidalgo\/wp-content\/uploads\/2024\/07\/Zunoticia-Huejutla-1-142.png\" alt=\"\" class=\"wp-image-549621\"\/><\/figure>\n<\/figure>\n","protected":false},"excerpt":{"rendered":"<p>Por Roberto Meza\/Zunoticia Yahualica, Hgo.- Con un evento c\u00edvico &#8211; cultural efectuaron la ceremonia de graduaci\u00f3n de los alumnos del Colegio de Bachilleres del Estado de Hidalgo (COBAEH) plantel Mecatl\u00e1n, en el acto estuvieron autoridades municipales, educativas y delegacionales. En la ceremonia de Clausura de la Generaci\u00f3n 2021-2024, estuvieron en la mesa de honor Gloria&hellip; <a class=\"more-link\" href=\"https:\/\/www.zunoticia.com\/noticias-de-hidalgo\/2024\/07\/12\/efectuaron-ceremonia-de-graduacion-en-el-cobaeh-de-mecatlan\/\">Seguir leyendo <span class=\"screen-reader-text\">Efectuaron ceremonia de graduaci\u00f3n en el COBAEH de Mecatl\u00e1n<\/span><\/a><\/p>\n","protected":false},"author":20,"featured_media":549620,"comment_status":"open","ping_status":"open","sticky":false,"template":"","format":"standard","meta":{"rop_custom_images_group":[],"rop_custom_messages_group":[],"rop_publish_now":"yes","rop_publish_now_accounts":{"facebook_10159540855086992_322828327761733":""},"rop_publish_now_history":[],"rop_publish_now_status":"pending","footnotes":""},"categories":[199,203],"tags":[229,123],"class_list":["post-549619","post","type-post","status-publish","format-standard","has-post-thumbnail","hentry","category-huautla","category-yahualica","tag-huasteca","tag-yahualica","entry"],"_links":{"self":[{"href":"https:\/\/www.zunoticia.com\/noticias-de-hidalgo\/wp-json\/wp\/v2\/posts\/549619","targetHints":{"allow":["GET"]}}],"collection":[{"href":"https:\/\/www.zunoticia.com\/noticias-de-hidalgo\/wp-json\/wp\/v2\/posts"}],"about":[{"href":"https:\/\/www.zunoticia.com\/noticias-de-hidalgo\/wp-json\/wp\/v2\/types\/post"}],"author":[{"embeddable":true,"href":"https:\/\/www.zunoticia.com\/noticias-de-hidalgo\/wp-json\/wp\/v2\/users\/20"}],"replies":[{"embeddable":true,"href":"https:\/\/www.zunoticia.com\/noticias-de-hidalgo\/wp-json\/wp\/v2\/comments?post=549619"}],"version-history":[{"count":1,"href":"https:\/\/www.zunoticia.com\/noticias-de-hidalgo\/wp-json\/wp\/v2\/posts\/549619\/revisions"}],"predecessor-version":[{"id":549623,"href":"https:\/\/www.zunoticia.com\/noticias-de-hidalgo\/wp-json\/wp\/v2\/posts\/549619\/revisions\/549623"}],"wp:featuredmedia":[{"embeddable":true,"href":"https:\/\/www.zunoticia.com\/noticias-de-hidalgo\/wp-json\/wp\/v2\/media\/549620"}],"wp:attachment":[{"href":"https:\/\/www.zunoticia.com\/noticias-de-hidalgo\/wp-json\/wp\/v2\/media?parent=549619"}],"wp:term":[{"taxonomy":"category","embeddable":true,"href":"https:\/\/www.zunoticia.com\/noticias-de-hidalgo\/wp-json\/wp\/v2\/categories?post=549619"},{"taxonomy":"post_tag","embeddable":true,"href":"https:\/\/www.zunoticia.com\/noticias-de-hidalgo\/wp-json\/wp\/v2\/tags?post=549619"}],"curies":[{"name":"wp","href":"https:\/\/api.w.org\/{rel}","templated":true}]}}