{"id":549637,"date":"2024-07-12T17:58:27","date_gmt":"2024-07-12T23:58:27","guid":{"rendered":"https:\/\/www.zunoticia.com\/noticias-de-hidalgo\/?p=549637"},"modified":"2024-07-12T17:58:30","modified_gmt":"2024-07-12T23:58:30","slug":"mal-aspecto-y-fetidos-olores-en-la-plaza-colosio","status":"publish","type":"post","link":"https:\/\/www.zunoticia.com\/noticias-de-hidalgo\/2024\/07\/12\/mal-aspecto-y-fetidos-olores-en-la-plaza-colosio\/","title":{"rendered":"Mal aspecto y f\u00e9tidos olores en la plaza Colosio"},"content":{"rendered":"<aside class=\"mashsb-container mashsb-main mashsb-stretched\"><div class=\"mashsb-box\"><div class=\"mashsb-count mash-large\" style=\"float:left\"><div class=\"counts mashsbcount\">3<\/div><span class=\"mashsb-sharetext\">SHARES<\/span><\/div><div class=\"mashsb-buttons\"><a class=\"mashicon-facebook mash-large mash-center mashsb-noshadow\" href=\"https:\/\/www.facebook.com\/sharer.php?u=https%3A%2F%2Fwww.zunoticia.com%2Fnoticias-de-hidalgo%2F2024%2F07%2F12%2Fmal-aspecto-y-fetidos-olores-en-la-plaza-colosio%2F\" target=\"_top\" rel=\"nofollow\"><span class=\"icon\"><\/span><span class=\"text\">Share<\/span><\/a><a class=\"mashicon-twitter mash-large mash-center mashsb-noshadow\" href=\"https:\/\/twitter.com\/intent\/tweet?text=&amp;url=https:\/\/www.zunoticia.com\/noticias-de-hidalgo\/2024\/07\/12\/mal-aspecto-y-fetidos-olores-en-la-plaza-colosio\/\" target=\"_top\" rel=\"nofollow\"><span class=\"icon\"><\/span><span class=\"text\">Tweet<\/span><\/a><div class=\"onoffswitch2 mash-large mashsb-noshadow\" style=\"display:none\"><\/div><\/div>\n            <\/div>\n                <div style=\"clear:both\"><\/div><div class=\"mashsb-toggle-container\"><\/div><\/aside>\n            <!-- Share buttons by mashshare.net - Version: 4.0.47-->\n<p><em>Por Jos\u00e9 Luis Romero Ruiz\/Zunoticia<\/em><\/p>\n\n\n\n<p><strong>Huejutla, Hgo<\/strong>.- La plaza \u201cLic. Luis Donaldo Colosio Murrieta\u201d de esta cabecera municipal presenta un mal aspecto, ya que la basura lleva una semana, los vecinos se quejan de lo mal que se ve la plaza y sobre todo los f\u00e9tidos olores que despide la basura.&nbsp;<\/p>\n\n\n\n<p>En la plaza \u201cLuis Donaldo Colosio Murrieta\u201d hay un busto, est\u00e1 ubicada a un costado de la avenida Corona del Rosal, y la carretera nacional M\u00e9xico \u2013 Tampico Km. 214 cerca de los sem\u00e1foros de la colonia Lomita; dicho lugar de esparcimiento fue construido en homenaje a ese ilustre pol\u00edtico, candidato a la presidencia de los Estados Unidos Mexicanos.<\/p>\n\n\n\n<p>La plaza en cuesti\u00f3n cuenta con varios \u00e1rboles (Ficus), que dan sombra y existen unas bancas met\u00e1licas que invitan al descanso de los ciudadanos que atraviesan por dicho lugar; incluso con las precipitaciones pluviales, el pasto presenta un verde muy vivo.<\/p>\n\n\n\n<p>Vecinos y comerciantes refieren que, el cami\u00f3n recolector de la basura pasa cada tercer d\u00eda (lunes, mi\u00e9rcoles y viernes), y en lo que va de la semana el cami\u00f3n del departamento de Limpias no se ha llevado los desechos s\u00f3lidos; esto genera adem\u00e1s del mal aspecto, molestia entre la ciudadan\u00eda.<\/p>\n\n\n\n<p>Expendedores de frutas y verduras y un local de tacos, se\u00f1alan que, la presencia de la basura frente a sus negocios y el olor insoportable hace que la clientela se retire del lugar; incluso hay hasta un gato muerto entre la basura.<\/p>\n\n\n\n<p>La presencia de tanta basura rompe con la armon\u00eda del lugar, adem\u00e1s de que hay un recipiente para recolectar botellas de PET, que est\u00e1 completamente saturado; Le hacen un llamado al Servicio de Limpias a que retiren toda la basura, que da mala imagen de la ciudad a los visitantes.<\/p>\n\n\n\n<p>\u00a0\u00a0\u00a0\u00a0\u00a0<\/p>\n\n\n\n<figure class=\"wp-block-gallery has-nested-images columns-default is-cropped wp-block-gallery-1 is-layout-flex wp-block-gallery-is-layout-flex\">\n<figure class=\"wp-block-image size-large\"><img fetchpriority=\"high\" decoding=\"async\" width=\"933\" height=\"524\" data-id=\"549640\" src=\"https:\/\/www.zunoticia.com\/noticias-de-hidalgo\/wp-content\/uploads\/2024\/07\/Zunoticia-Huejutla-3-21.png\" alt=\"\" class=\"wp-image-549640\"\/><\/figure>\n\n\n\n<figure class=\"wp-block-image size-large\"><img decoding=\"async\" width=\"933\" height=\"524\" data-id=\"549639\" src=\"https:\/\/www.zunoticia.com\/noticias-de-hidalgo\/wp-content\/uploads\/2024\/07\/Zunoticia-Huejutla-2-52.png\" alt=\"\" class=\"wp-image-549639\"\/><\/figure>\n<\/figure>\n","protected":false},"excerpt":{"rendered":"<p>Por Jos\u00e9 Luis Romero Ruiz\/Zunoticia Huejutla, Hgo.- La plaza \u201cLic. Luis Donaldo Colosio Murrieta\u201d de esta cabecera municipal presenta un mal aspecto, ya que la basura lleva una semana, los vecinos se quejan de lo mal que se ve la plaza y sobre todo los f\u00e9tidos olores que despide la basura.&nbsp; En la plaza \u201cLuis&hellip; <a class=\"more-link\" href=\"https:\/\/www.zunoticia.com\/noticias-de-hidalgo\/2024\/07\/12\/mal-aspecto-y-fetidos-olores-en-la-plaza-colosio\/\">Seguir leyendo <span class=\"screen-reader-text\">Mal aspecto y f\u00e9tidos olores en la plaza Colosio<\/span><\/a><\/p>\n","protected":false},"author":20,"featured_media":549638,"comment_status":"open","ping_status":"open","sticky":false,"template":"","format":"standard","meta":{"rop_custom_images_group":[],"rop_custom_messages_group":[],"rop_publish_now":"yes","rop_publish_now_accounts":{"facebook_10159540855086992_322828327761733":""},"rop_publish_now_history":[],"rop_publish_now_status":"pending","footnotes":""},"categories":[181],"tags":[121],"class_list":["post-549637","post","type-post","status-publish","format-standard","has-post-thumbnail","hentry","category-huejutla","tag-huejutla","entry"],"_links":{"self":[{"href":"https:\/\/www.zunoticia.com\/noticias-de-hidalgo\/wp-json\/wp\/v2\/posts\/549637","targetHints":{"allow":["GET"]}}],"collection":[{"href":"https:\/\/www.zunoticia.com\/noticias-de-hidalgo\/wp-json\/wp\/v2\/posts"}],"about":[{"href":"https:\/\/www.zunoticia.com\/noticias-de-hidalgo\/wp-json\/wp\/v2\/types\/post"}],"author":[{"embeddable":true,"href":"https:\/\/www.zunoticia.com\/noticias-de-hidalgo\/wp-json\/wp\/v2\/users\/20"}],"replies":[{"embeddable":true,"href":"https:\/\/www.zunoticia.com\/noticias-de-hidalgo\/wp-json\/wp\/v2\/comments?post=549637"}],"version-history":[{"count":1,"href":"https:\/\/www.zunoticia.com\/noticias-de-hidalgo\/wp-json\/wp\/v2\/posts\/549637\/revisions"}],"predecessor-version":[{"id":549641,"href":"https:\/\/www.zunoticia.com\/noticias-de-hidalgo\/wp-json\/wp\/v2\/posts\/549637\/revisions\/549641"}],"wp:featuredmedia":[{"embeddable":true,"href":"https:\/\/www.zunoticia.com\/noticias-de-hidalgo\/wp-json\/wp\/v2\/media\/549638"}],"wp:attachment":[{"href":"https:\/\/www.zunoticia.com\/noticias-de-hidalgo\/wp-json\/wp\/v2\/media?parent=549637"}],"wp:term":[{"taxonomy":"category","embeddable":true,"href":"https:\/\/www.zunoticia.com\/noticias-de-hidalgo\/wp-json\/wp\/v2\/categories?post=549637"},{"taxonomy":"post_tag","embeddable":true,"href":"https:\/\/www.zunoticia.com\/noticias-de-hidalgo\/wp-json\/wp\/v2\/tags?post=549637"}],"curies":[{"name":"wp","href":"https:\/\/api.w.org\/{rel}","templated":true}]}}