{"id":549654,"date":"2024-07-12T18:40:18","date_gmt":"2024-07-13T00:40:18","guid":{"rendered":"https:\/\/www.zunoticia.com\/noticias-de-hidalgo\/?p=549654"},"modified":"2024-07-12T18:40:22","modified_gmt":"2024-07-13T00:40:22","slug":"repudiamos-la-reeleccion-de-alito","status":"publish","type":"post","link":"https:\/\/www.zunoticia.com\/noticias-de-hidalgo\/2024\/07\/12\/repudiamos-la-reeleccion-de-alito\/","title":{"rendered":"Repudiamos la Reelecci\u00f3n de \u201cAlito\u201d"},"content":{"rendered":"<aside class=\"mashsb-container mashsb-main mashsb-stretched\"><div class=\"mashsb-box\"><div class=\"mashsb-count mash-large\" style=\"float:left\"><div class=\"counts mashsbcount\">15<\/div><span class=\"mashsb-sharetext\">SHARES<\/span><\/div><div class=\"mashsb-buttons\"><a class=\"mashicon-facebook mash-large mash-center mashsb-noshadow\" href=\"https:\/\/www.facebook.com\/sharer.php?u=https%3A%2F%2Fwww.zunoticia.com%2Fnoticias-de-hidalgo%2F2024%2F07%2F12%2Frepudiamos-la-reeleccion-de-alito%2F\" target=\"_top\" rel=\"nofollow\"><span class=\"icon\"><\/span><span class=\"text\">Share<\/span><\/a><a class=\"mashicon-twitter mash-large mash-center mashsb-noshadow\" href=\"https:\/\/twitter.com\/intent\/tweet?text=&amp;url=https:\/\/www.zunoticia.com\/noticias-de-hidalgo\/2024\/07\/12\/repudiamos-la-reeleccion-de-alito\/\" target=\"_top\" rel=\"nofollow\"><span class=\"icon\"><\/span><span class=\"text\">Tweet<\/span><\/a><div class=\"onoffswitch2 mash-large mashsb-noshadow\" style=\"display:none\"><\/div><\/div>\n            <\/div>\n                <div style=\"clear:both\"><\/div><div class=\"mashsb-toggle-container\"><\/div><\/aside>\n            <!-- Share buttons by mashshare.net - Version: 4.0.47-->\n<p><em>Por Enedino Hern\u00e1ndez\/Zunoticia<\/em><\/p>\n\n\n\n<p><strong>Huejutla, Hgo<\/strong>.- \u201cDefinitivamente que los miembros del Partido Revolucionario Institucional (PRI) repudiamos totalmente los acuerdos que se hayan tomado para la reelecci\u00f3n de Alejandro Moreno \u2018Alito\u2019, quien ya fue secretario de operaci\u00f3n pol\u00edtica del CEN del PRI en 2012 y que es dirigente del PRI a nivel nacional desde 2019\u201d, se\u00f1al\u00f3 Maximino P\u00e9rez Espinosa, miembro del PRI en Huejutla y ex coordinador regional de la CNC.<\/p>\n\n\n\n<p>\u201cNo estamos de acuerdo que \u00e9l y Carolina sigan dirigiendo al partido por m\u00e1s a\u00f1os, en esta zona de la huasteca los priistas estamos muy molestos contra ellos. No es posible que Carolina meta a sus hijos como diputado o que se despachen con la cuchara grande\u201d se\u00f1al\u00f3.<\/p>\n\n\n\n<p>A\u00f1adi\u00f3, \u201cpor diversos motivos no estamos de acuerdo con ellos, Alito Moreno perdi\u00f3, pero asegur\u00f3 su curul en plurinominal para ser senador, todo ma\u00f1osamente, est\u00e1n acabando con el partido, ya no son nada, no representan nada\u201d.<\/p>\n\n\n\n<p>Insisti\u00f3 que, en la huasteca Carolina est\u00e1 repudiada, \u201cnadie la quiere, pues ya no representa nada, en su tiempo s\u00ed pero ahora ya no\u201d; se\u00f1ala que en el PRI se requiere de un cambio general del partido, para tener una buena representaci\u00f3n, hay mucho priismo, pero lo est\u00e1n acabando.<\/p>\n\n\n\n<p>Maximino P\u00e9rez Espinoza, hizo un llamado a la militancia del Partido Revolucionario Institucional a mantenerse en el partido, destacando que estas dos personas son quienes le han hecho da\u00f1o a ese organismo pol\u00edtico.<\/p>\n\n\n\n<p><\/p>\n","protected":false},"excerpt":{"rendered":"<p>Por Enedino Hern\u00e1ndez\/Zunoticia Huejutla, Hgo.- \u201cDefinitivamente que los miembros del Partido Revolucionario Institucional (PRI) repudiamos totalmente los acuerdos que se hayan tomado para la reelecci\u00f3n de Alejandro Moreno \u2018Alito\u2019, quien ya fue secretario de operaci\u00f3n pol\u00edtica del CEN del PRI en 2012 y que es dirigente del PRI a nivel nacional desde 2019\u201d, se\u00f1al\u00f3 Maximino&hellip; <a class=\"more-link\" href=\"https:\/\/www.zunoticia.com\/noticias-de-hidalgo\/2024\/07\/12\/repudiamos-la-reeleccion-de-alito\/\">Seguir leyendo <span class=\"screen-reader-text\">Repudiamos la Reelecci\u00f3n de \u201cAlito\u201d<\/span><\/a><\/p>\n","protected":false},"author":20,"featured_media":549655,"comment_status":"open","ping_status":"open","sticky":false,"template":"","format":"standard","meta":{"rop_custom_images_group":[],"rop_custom_messages_group":[],"rop_publish_now":"yes","rop_publish_now_accounts":{"facebook_10159540855086992_322828327761733":""},"rop_publish_now_history":[],"rop_publish_now_status":"pending","footnotes":""},"categories":[181],"tags":[121],"class_list":["post-549654","post","type-post","status-publish","format-standard","has-post-thumbnail","hentry","category-huejutla","tag-huejutla","entry"],"_links":{"self":[{"href":"https:\/\/www.zunoticia.com\/noticias-de-hidalgo\/wp-json\/wp\/v2\/posts\/549654","targetHints":{"allow":["GET"]}}],"collection":[{"href":"https:\/\/www.zunoticia.com\/noticias-de-hidalgo\/wp-json\/wp\/v2\/posts"}],"about":[{"href":"https:\/\/www.zunoticia.com\/noticias-de-hidalgo\/wp-json\/wp\/v2\/types\/post"}],"author":[{"embeddable":true,"href":"https:\/\/www.zunoticia.com\/noticias-de-hidalgo\/wp-json\/wp\/v2\/users\/20"}],"replies":[{"embeddable":true,"href":"https:\/\/www.zunoticia.com\/noticias-de-hidalgo\/wp-json\/wp\/v2\/comments?post=549654"}],"version-history":[{"count":1,"href":"https:\/\/www.zunoticia.com\/noticias-de-hidalgo\/wp-json\/wp\/v2\/posts\/549654\/revisions"}],"predecessor-version":[{"id":549656,"href":"https:\/\/www.zunoticia.com\/noticias-de-hidalgo\/wp-json\/wp\/v2\/posts\/549654\/revisions\/549656"}],"wp:featuredmedia":[{"embeddable":true,"href":"https:\/\/www.zunoticia.com\/noticias-de-hidalgo\/wp-json\/wp\/v2\/media\/549655"}],"wp:attachment":[{"href":"https:\/\/www.zunoticia.com\/noticias-de-hidalgo\/wp-json\/wp\/v2\/media?parent=549654"}],"wp:term":[{"taxonomy":"category","embeddable":true,"href":"https:\/\/www.zunoticia.com\/noticias-de-hidalgo\/wp-json\/wp\/v2\/categories?post=549654"},{"taxonomy":"post_tag","embeddable":true,"href":"https:\/\/www.zunoticia.com\/noticias-de-hidalgo\/wp-json\/wp\/v2\/tags?post=549654"}],"curies":[{"name":"wp","href":"https:\/\/api.w.org\/{rel}","templated":true}]}}