{"id":549693,"date":"2024-07-12T20:15:49","date_gmt":"2024-07-13T02:15:49","guid":{"rendered":"https:\/\/www.zunoticia.com\/noticias-de-hidalgo\/?p=549693"},"modified":"2024-07-12T20:15:53","modified_gmt":"2024-07-13T02:15:53","slug":"14-infantes-se-graduaron-de-el-mundo-infantil","status":"publish","type":"post","link":"https:\/\/www.zunoticia.com\/noticias-de-hidalgo\/2024\/07\/12\/14-infantes-se-graduaron-de-el-mundo-infantil\/","title":{"rendered":"14 infantes se graduaron de El Mundo Infantil"},"content":{"rendered":"<aside class=\"mashsb-container mashsb-main mashsb-stretched\"><div class=\"mashsb-box\"><div class=\"mashsb-count mash-large\" style=\"float:left\"><div class=\"counts mashsbcount\">21<\/div><span class=\"mashsb-sharetext\">SHARES<\/span><\/div><div class=\"mashsb-buttons\"><a class=\"mashicon-facebook mash-large mash-center mashsb-noshadow\" href=\"https:\/\/www.facebook.com\/sharer.php?u=https%3A%2F%2Fwww.zunoticia.com%2Fnoticias-de-hidalgo%2F2024%2F07%2F12%2F14-infantes-se-graduaron-de-el-mundo-infantil%2F\" target=\"_top\" rel=\"nofollow\"><span class=\"icon\"><\/span><span class=\"text\">Share<\/span><\/a><a class=\"mashicon-twitter mash-large mash-center mashsb-noshadow\" href=\"https:\/\/twitter.com\/intent\/tweet?text=&amp;url=https:\/\/www.zunoticia.com\/noticias-de-hidalgo\/2024\/07\/12\/14-infantes-se-graduaron-de-el-mundo-infantil\/\" target=\"_top\" rel=\"nofollow\"><span class=\"icon\"><\/span><span class=\"text\">Tweet<\/span><\/a><div class=\"onoffswitch2 mash-large mashsb-noshadow\" style=\"display:none\"><\/div><\/div>\n            <\/div>\n                <div style=\"clear:both\"><\/div><div class=\"mashsb-toggle-container\"><\/div><\/aside>\n            <!-- Share buttons by mashshare.net - Version: 4.0.47-->\n<p><em>Por Jos\u00e9 Luis Romero Ruiz\/Zunoticia<\/em><\/p>\n\n\n\n<p><strong>Huejutla, Hgo.-<\/strong> Un total de 14 alumnos se graduaron del Jard\u00edn de Ni\u00f1os El Mundo Infantil de esta ciudad, en donde padres de familia, padrinos y personal de dicha instituci\u00f3n educativa celebraron la ceremonia de clausura de la generaci\u00f3n 2021 \u2013 2024.&nbsp;<\/p>\n\n\n\n<p>El evento tuvo lugar este viernes 12 de julio del presente a\u00f1o, en la sala audiovisual de la Escuela Normal de las Huastecas (ENH), el cual estuvo abarrotado por familiares y dem\u00e1s invitados.<\/p>\n\n\n\n<p>En solemne acto presentaron a la autoridad educativa y a las representantes de los padres de familia ante la instituci\u00f3n, y sin m\u00e1s pre\u00e1mbulo, presentaron uno a uno a los alumnos egresados, mientras que los infantes recorr\u00edan la escalinata hasta subir al escenario, donde ocupar\u00edan su respectivo asiento.<\/p>\n\n\n\n<p>Una vez agotada la lista de los alumnos egresados, los chiquitines bailaron el vals con su pareja; los ni\u00f1os portaban una rosa roja, misma que les fue entregada a las ni\u00f1as, mientras que el p\u00fablico ovacion\u00f3 el esfuerzo de los infantes.<\/p>\n\n\n\n<p>Para culminar el evento, personal de El Mundo Infantil les impuso los ribetes y en la conclusi\u00f3n del magno evento, pap\u00e1s y padrinos se fundieron en un abrazo fraterno con los 14 egresados.<\/p>\n","protected":false},"excerpt":{"rendered":"<p>Por Jos\u00e9 Luis Romero Ruiz\/Zunoticia Huejutla, Hgo.- Un total de 14 alumnos se graduaron del Jard\u00edn de Ni\u00f1os El Mundo Infantil de esta ciudad, en donde padres de familia, padrinos y personal de dicha instituci\u00f3n educativa celebraron la ceremonia de clausura de la generaci\u00f3n 2021 \u2013 2024.&nbsp; El evento tuvo lugar este viernes 12 de&hellip; <a class=\"more-link\" href=\"https:\/\/www.zunoticia.com\/noticias-de-hidalgo\/2024\/07\/12\/14-infantes-se-graduaron-de-el-mundo-infantil\/\">Seguir leyendo <span class=\"screen-reader-text\">14 infantes se graduaron de El Mundo Infantil<\/span><\/a><\/p>\n","protected":false},"author":12,"featured_media":549698,"comment_status":"open","ping_status":"open","sticky":false,"template":"","format":"standard","meta":{"rop_custom_images_group":[],"rop_custom_messages_group":[],"rop_publish_now":"yes","rop_publish_now_accounts":{"facebook_10159540855086992_322828327761733":"#HuejutlaDeReyes #HuastecaHidalguense | Un total de 14 alumnos se graduaron del Jard\u00edn de Ni\u00f1os El Mundo Infantil de esta ciudad, en donde...\u00a0Ent\u00e9rate\u2b07"},"rop_publish_now_history":[],"rop_publish_now_status":"pending","footnotes":""},"categories":[181],"tags":[121],"class_list":["post-549693","post","type-post","status-publish","format-standard","has-post-thumbnail","hentry","category-huejutla","tag-huejutla","entry"],"_links":{"self":[{"href":"https:\/\/www.zunoticia.com\/noticias-de-hidalgo\/wp-json\/wp\/v2\/posts\/549693","targetHints":{"allow":["GET"]}}],"collection":[{"href":"https:\/\/www.zunoticia.com\/noticias-de-hidalgo\/wp-json\/wp\/v2\/posts"}],"about":[{"href":"https:\/\/www.zunoticia.com\/noticias-de-hidalgo\/wp-json\/wp\/v2\/types\/post"}],"author":[{"embeddable":true,"href":"https:\/\/www.zunoticia.com\/noticias-de-hidalgo\/wp-json\/wp\/v2\/users\/12"}],"replies":[{"embeddable":true,"href":"https:\/\/www.zunoticia.com\/noticias-de-hidalgo\/wp-json\/wp\/v2\/comments?post=549693"}],"version-history":[{"count":1,"href":"https:\/\/www.zunoticia.com\/noticias-de-hidalgo\/wp-json\/wp\/v2\/posts\/549693\/revisions"}],"predecessor-version":[{"id":549708,"href":"https:\/\/www.zunoticia.com\/noticias-de-hidalgo\/wp-json\/wp\/v2\/posts\/549693\/revisions\/549708"}],"wp:featuredmedia":[{"embeddable":true,"href":"https:\/\/www.zunoticia.com\/noticias-de-hidalgo\/wp-json\/wp\/v2\/media\/549698"}],"wp:attachment":[{"href":"https:\/\/www.zunoticia.com\/noticias-de-hidalgo\/wp-json\/wp\/v2\/media?parent=549693"}],"wp:term":[{"taxonomy":"category","embeddable":true,"href":"https:\/\/www.zunoticia.com\/noticias-de-hidalgo\/wp-json\/wp\/v2\/categories?post=549693"},{"taxonomy":"post_tag","embeddable":true,"href":"https:\/\/www.zunoticia.com\/noticias-de-hidalgo\/wp-json\/wp\/v2\/tags?post=549693"}],"curies":[{"name":"wp","href":"https:\/\/api.w.org\/{rel}","templated":true}]}}