{"id":549825,"date":"2024-07-14T01:58:11","date_gmt":"2024-07-14T07:58:11","guid":{"rendered":"https:\/\/www.zunoticia.com\/noticias-de-hidalgo\/?p=549825"},"modified":"2024-07-14T01:58:15","modified_gmt":"2024-07-14T07:58:15","slug":"automovil-se-impacto-contra-camioneta","status":"publish","type":"post","link":"https:\/\/www.zunoticia.com\/noticias-de-hidalgo\/2024\/07\/14\/automovil-se-impacto-contra-camioneta\/","title":{"rendered":"Autom\u00f3vil se impact\u00f3 contra camioneta"},"content":{"rendered":"<aside class=\"mashsb-container mashsb-main mashsb-stretched\"><div class=\"mashsb-box\"><div class=\"mashsb-count mash-large\" style=\"float:left\"><div class=\"counts mashsbcount\">16<\/div><span class=\"mashsb-sharetext\">SHARES<\/span><\/div><div class=\"mashsb-buttons\"><a class=\"mashicon-facebook mash-large mash-center mashsb-noshadow\" href=\"https:\/\/www.facebook.com\/sharer.php?u=https%3A%2F%2Fwww.zunoticia.com%2Fnoticias-de-hidalgo%2F2024%2F07%2F14%2Fautomovil-se-impacto-contra-camioneta%2F\" target=\"_top\" rel=\"nofollow\"><span class=\"icon\"><\/span><span class=\"text\">Share<\/span><\/a><a class=\"mashicon-twitter mash-large mash-center mashsb-noshadow\" href=\"https:\/\/twitter.com\/intent\/tweet?text=&amp;url=https:\/\/www.zunoticia.com\/noticias-de-hidalgo\/2024\/07\/14\/automovil-se-impacto-contra-camioneta\/\" target=\"_top\" rel=\"nofollow\"><span class=\"icon\"><\/span><span class=\"text\">Tweet<\/span><\/a><div class=\"onoffswitch2 mash-large mashsb-noshadow\" style=\"display:none\"><\/div><\/div>\n            <\/div>\n                <div style=\"clear:both\"><\/div><div class=\"mashsb-toggle-container\"><\/div><\/aside>\n            <!-- Share buttons by mashshare.net - Version: 4.0.47-->\n<p><em>Por Roberto Meza<\/em><\/p>\n\n\n\n<p><strong>Huejutla,&nbsp; Hgo. &#8211;<\/strong> Un autom\u00f3vil que presuntamente circulaba con exceso de velocidad se impact\u00f3 por alcance en una camioneta en los nuevos topes de la autopista Huejutla-Tehuetl\u00e1n, despu\u00e9s de la colonia El Moreno de esta ciudad, al lugar acudieron elementos de la Guardia Nacional Carreteras para intervenir en este hecho.<\/p>\n\n\n\n<p>Fue la noche de este s\u00e1bado que el conductor de un autom\u00f3vil Chevrolet tipo aveo, al no detectar uno de los topes, se impact\u00f3 en la parte trasera de una camioneta Nissan, color azul, dejando solo da\u00f1os materiales en ambas unidades, ambos conductores se culpaban de este hecho.<\/p>\n\n\n\n<p>Asimismo, arribaron elementos de los bomberos para valorar solo en el lugar a las personas, al igual que llegaron elementos de la Guardia Nacional Carreteras para tomar conocimiento de los hechos y ordenar el remolque de los veh\u00edculos al corral\u00f3n.<\/p>\n","protected":false},"excerpt":{"rendered":"<p>Por Roberto Meza Huejutla,&nbsp; Hgo. &#8211; Un autom\u00f3vil que presuntamente circulaba con exceso de velocidad se impact\u00f3 por alcance en una camioneta en los nuevos topes de la autopista Huejutla-Tehuetl\u00e1n, despu\u00e9s de la colonia El Moreno de esta ciudad, al lugar acudieron elementos de la Guardia Nacional Carreteras para intervenir en este hecho. Fue la&hellip; <a class=\"more-link\" href=\"https:\/\/www.zunoticia.com\/noticias-de-hidalgo\/2024\/07\/14\/automovil-se-impacto-contra-camioneta\/\">Seguir leyendo <span class=\"screen-reader-text\">Autom\u00f3vil se impact\u00f3 contra camioneta<\/span><\/a><\/p>\n","protected":false},"author":13,"featured_media":549826,"comment_status":"open","ping_status":"open","sticky":false,"template":"","format":"standard","meta":{"rop_custom_images_group":[],"rop_custom_messages_group":[],"rop_publish_now":"yes","rop_publish_now_accounts":{"facebook_10159540855086992_322828327761733":"#Policiaca #Huejutla | Un autom\u00f3vil que presuntamente circulaba con exceso de velocidad se impact\u00f3 por alcance en una camioneta en los nuevos topes de la autopista Huejutla-Tehuetl\u00e1n."},"rop_publish_now_history":[],"rop_publish_now_status":"pending","footnotes":""},"categories":[178],"tags":[121,259],"class_list":["post-549825","post","type-post","status-publish","format-standard","has-post-thumbnail","hentry","category-policiaca","tag-huejutla","tag-policiaca","entry"],"_links":{"self":[{"href":"https:\/\/www.zunoticia.com\/noticias-de-hidalgo\/wp-json\/wp\/v2\/posts\/549825","targetHints":{"allow":["GET"]}}],"collection":[{"href":"https:\/\/www.zunoticia.com\/noticias-de-hidalgo\/wp-json\/wp\/v2\/posts"}],"about":[{"href":"https:\/\/www.zunoticia.com\/noticias-de-hidalgo\/wp-json\/wp\/v2\/types\/post"}],"author":[{"embeddable":true,"href":"https:\/\/www.zunoticia.com\/noticias-de-hidalgo\/wp-json\/wp\/v2\/users\/13"}],"replies":[{"embeddable":true,"href":"https:\/\/www.zunoticia.com\/noticias-de-hidalgo\/wp-json\/wp\/v2\/comments?post=549825"}],"version-history":[{"count":1,"href":"https:\/\/www.zunoticia.com\/noticias-de-hidalgo\/wp-json\/wp\/v2\/posts\/549825\/revisions"}],"predecessor-version":[{"id":549828,"href":"https:\/\/www.zunoticia.com\/noticias-de-hidalgo\/wp-json\/wp\/v2\/posts\/549825\/revisions\/549828"}],"wp:featuredmedia":[{"embeddable":true,"href":"https:\/\/www.zunoticia.com\/noticias-de-hidalgo\/wp-json\/wp\/v2\/media\/549826"}],"wp:attachment":[{"href":"https:\/\/www.zunoticia.com\/noticias-de-hidalgo\/wp-json\/wp\/v2\/media?parent=549825"}],"wp:term":[{"taxonomy":"category","embeddable":true,"href":"https:\/\/www.zunoticia.com\/noticias-de-hidalgo\/wp-json\/wp\/v2\/categories?post=549825"},{"taxonomy":"post_tag","embeddable":true,"href":"https:\/\/www.zunoticia.com\/noticias-de-hidalgo\/wp-json\/wp\/v2\/tags?post=549825"}],"curies":[{"name":"wp","href":"https:\/\/api.w.org\/{rel}","templated":true}]}}