{"id":549833,"date":"2024-07-14T02:10:10","date_gmt":"2024-07-14T08:10:10","guid":{"rendered":"https:\/\/www.zunoticia.com\/noticias-de-hidalgo\/?p=549833"},"modified":"2024-07-14T02:10:15","modified_gmt":"2024-07-14T08:10:15","slug":"se-quemo-carro","status":"publish","type":"post","link":"https:\/\/www.zunoticia.com\/noticias-de-hidalgo\/2024\/07\/14\/se-quemo-carro\/","title":{"rendered":"Se quem\u00f3 carro"},"content":{"rendered":"<aside class=\"mashsb-container mashsb-main mashsb-stretched\"><div class=\"mashsb-box\"><div class=\"mashsb-count mash-large\" style=\"float:left\"><div class=\"counts mashsbcount\">42<\/div><span class=\"mashsb-sharetext\">SHARES<\/span><\/div><div class=\"mashsb-buttons\"><a class=\"mashicon-facebook mash-large mash-center mashsb-noshadow\" href=\"https:\/\/www.facebook.com\/sharer.php?u=https%3A%2F%2Fwww.zunoticia.com%2Fnoticias-de-hidalgo%2F2024%2F07%2F14%2Fse-quemo-carro%2F\" target=\"_top\" rel=\"nofollow\"><span class=\"icon\"><\/span><span class=\"text\">Share<\/span><\/a><a class=\"mashicon-twitter mash-large mash-center mashsb-noshadow\" href=\"https:\/\/twitter.com\/intent\/tweet?text=&amp;url=https:\/\/www.zunoticia.com\/noticias-de-hidalgo\/2024\/07\/14\/se-quemo-carro\/\" target=\"_top\" rel=\"nofollow\"><span class=\"icon\"><\/span><span class=\"text\">Tweet<\/span><\/a><div class=\"onoffswitch2 mash-large mashsb-noshadow\" style=\"display:none\"><\/div><\/div>\n            <\/div>\n                <div style=\"clear:both\"><\/div><div class=\"mashsb-toggle-container\"><\/div><\/aside>\n            <!-- Share buttons by mashshare.net - Version: 4.0.47-->\n<p><em>Por Roberto Meza<\/em><\/p>\n\n\n\n<p><strong>San Felipe Orizatlan, Hgo. &#8211;<\/strong> La noche de este s\u00e1bado se quem\u00f3 un veh\u00edculo automotor sobre la v\u00eda federal Huejutla-Orizatl\u00e1n, por lo que los automovilistas solicitaron la presencia de polic\u00edas municipales y Protecci\u00f3n Civil para que controlaran el incendio.<\/p>\n\n\n\n<p>Fue a la altura del lugar conocido como el Salto del Tigre que un autom\u00f3vil ardi\u00f3 en llamas y en minutos qued\u00f3 completamente calcinado, sus ocupantes lograron salir de esa unidad para salvaguardar su integridad f\u00edsica, la p\u00e9rdida fue total.<\/p>\n\n\n\n<p>Al lugar llegaron las corporaciones policiacas y de auxilio pero la unidad ya se hab\u00eda quemado, por lo que solo tomaron conocimiento de los hechos y ordenaron el remolque del veh\u00edculo calcinado al corral\u00f3n.<\/p>\n","protected":false},"excerpt":{"rendered":"<p>Por Roberto Meza San Felipe Orizatlan, Hgo. &#8211; La noche de este s\u00e1bado se quem\u00f3 un veh\u00edculo automotor sobre la v\u00eda federal Huejutla-Orizatl\u00e1n, por lo que los automovilistas solicitaron la presencia de polic\u00edas municipales y Protecci\u00f3n Civil para que controlaran el incendio. Fue a la altura del lugar conocido como el Salto del Tigre que&hellip; <a class=\"more-link\" href=\"https:\/\/www.zunoticia.com\/noticias-de-hidalgo\/2024\/07\/14\/se-quemo-carro\/\">Seguir leyendo <span class=\"screen-reader-text\">Se quem\u00f3 carro<\/span><\/a><\/p>\n","protected":false},"author":13,"featured_media":549827,"comment_status":"open","ping_status":"open","sticky":false,"template":"","format":"standard","meta":{"rop_custom_images_group":[],"rop_custom_messages_group":[],"rop_publish_now":"yes","rop_publish_now_accounts":{"facebook_10159540855086992_322828327761733":"#Huejutla #Policiaca | La noche de este s\u00e1bado se quem\u00f3 un veh\u00edculo automotor sobre la v\u00eda federal Huejutla-Orizatl\u00e1n, por lo que los automovilistas solicitaron la presencia de polic\u00edas municipales y PC."},"rop_publish_now_history":[],"rop_publish_now_status":"pending","footnotes":""},"categories":[178],"tags":[121,259],"class_list":["post-549833","post","type-post","status-publish","format-standard","has-post-thumbnail","hentry","category-policiaca","tag-huejutla","tag-policiaca","entry"],"_links":{"self":[{"href":"https:\/\/www.zunoticia.com\/noticias-de-hidalgo\/wp-json\/wp\/v2\/posts\/549833","targetHints":{"allow":["GET"]}}],"collection":[{"href":"https:\/\/www.zunoticia.com\/noticias-de-hidalgo\/wp-json\/wp\/v2\/posts"}],"about":[{"href":"https:\/\/www.zunoticia.com\/noticias-de-hidalgo\/wp-json\/wp\/v2\/types\/post"}],"author":[{"embeddable":true,"href":"https:\/\/www.zunoticia.com\/noticias-de-hidalgo\/wp-json\/wp\/v2\/users\/13"}],"replies":[{"embeddable":true,"href":"https:\/\/www.zunoticia.com\/noticias-de-hidalgo\/wp-json\/wp\/v2\/comments?post=549833"}],"version-history":[{"count":1,"href":"https:\/\/www.zunoticia.com\/noticias-de-hidalgo\/wp-json\/wp\/v2\/posts\/549833\/revisions"}],"predecessor-version":[{"id":549834,"href":"https:\/\/www.zunoticia.com\/noticias-de-hidalgo\/wp-json\/wp\/v2\/posts\/549833\/revisions\/549834"}],"wp:featuredmedia":[{"embeddable":true,"href":"https:\/\/www.zunoticia.com\/noticias-de-hidalgo\/wp-json\/wp\/v2\/media\/549827"}],"wp:attachment":[{"href":"https:\/\/www.zunoticia.com\/noticias-de-hidalgo\/wp-json\/wp\/v2\/media?parent=549833"}],"wp:term":[{"taxonomy":"category","embeddable":true,"href":"https:\/\/www.zunoticia.com\/noticias-de-hidalgo\/wp-json\/wp\/v2\/categories?post=549833"},{"taxonomy":"post_tag","embeddable":true,"href":"https:\/\/www.zunoticia.com\/noticias-de-hidalgo\/wp-json\/wp\/v2\/tags?post=549833"}],"curies":[{"name":"wp","href":"https:\/\/api.w.org\/{rel}","templated":true}]}}