{"id":551261,"date":"2024-07-24T12:37:39","date_gmt":"2024-07-24T18:37:39","guid":{"rendered":"https:\/\/www.zunoticia.com\/noticias-de-hidalgo\/?p=551261"},"modified":"2024-07-24T12:37:43","modified_gmt":"2024-07-24T18:37:43","slug":"avanza-el-dengue-en-la-huasteca-130-casos-positivos-60-son-de-huejutla","status":"publish","type":"post","link":"https:\/\/www.zunoticia.com\/noticias-de-hidalgo\/2024\/07\/24\/avanza-el-dengue-en-la-huasteca-130-casos-positivos-60-son-de-huejutla\/","title":{"rendered":"Avanza el Dengue en la huasteca: 130 casos positivos, 60 son de Huejutla"},"content":{"rendered":"<aside class=\"mashsb-container mashsb-main mashsb-stretched\"><div class=\"mashsb-box\"><div class=\"mashsb-count mash-large\" style=\"float:left\"><div class=\"counts mashsbcount\">26<\/div><span class=\"mashsb-sharetext\">SHARES<\/span><\/div><div class=\"mashsb-buttons\"><a class=\"mashicon-facebook mash-large mash-center mashsb-noshadow\" href=\"https:\/\/www.facebook.com\/sharer.php?u=https%3A%2F%2Fwww.zunoticia.com%2Fnoticias-de-hidalgo%2F2024%2F07%2F24%2Favanza-el-dengue-en-la-huasteca-130-casos-positivos-60-son-de-huejutla%2F\" target=\"_top\" rel=\"nofollow\"><span class=\"icon\"><\/span><span class=\"text\">Share<\/span><\/a><a class=\"mashicon-twitter mash-large mash-center mashsb-noshadow\" href=\"https:\/\/twitter.com\/intent\/tweet?text=&amp;url=https:\/\/www.zunoticia.com\/noticias-de-hidalgo\/2024\/07\/24\/avanza-el-dengue-en-la-huasteca-130-casos-positivos-60-son-de-huejutla\/\" target=\"_top\" rel=\"nofollow\"><span class=\"icon\"><\/span><span class=\"text\">Tweet<\/span><\/a><div class=\"onoffswitch2 mash-large mashsb-noshadow\" style=\"display:none\"><\/div><\/div>\n            <\/div>\n                <div style=\"clear:both\"><\/div><div class=\"mashsb-toggle-container\"><\/div><\/aside>\n            <!-- Share buttons by mashshare.net - Version: 4.0.47-->\n<p><em>Por Enedino Hern\u00e1ndez\/Zunoticia<\/em><\/p>\n\n\n\n<p><strong>Huejutla, Hgo.-<\/strong> Poco a poco avanza el n\u00famero de casos positivos de Dengue en esta zona de la huasteca, al momento seg\u00fan los datos oficiales se contabilizan en 130 casos positivos, de los cuales 60 son del municipio de Huejutla.<\/p>\n\n\n\n<p>En su momento, el jefe de la Jurisdicci\u00f3n Sanitaria en Huejutla de Reyes, Jes\u00fas Rodr\u00edguez Ortega, confirm\u00f3 que, hasta este d\u00eda se tiene conocimiento oficial de 130 casos positivos de Dengue en la huasteca, 60 de los mismos se encuentran en el municipio de Huejutla.<\/p>\n\n\n\n<p>Por todo ello, pide a la poblaci\u00f3n de las colonias y comunidades a redoblar los esfuerzos correspondientes y dem\u00e1s acciones que ya conocen para combatir al mosco transmisor del dengue.<\/p>\n\n\n\n<p>A\u00f1adi\u00f3 que, el incremento de los casos positivos va de 3 a 4 casos por semana &#8220;no es preocupante, pero s\u00ed es necesario fortalecer las medidas preventivas que ya todos conocen&#8221;.<\/p>\n\n\n\n<p>Explic\u00f3 que, ha incrementado un poco el n\u00famero de casos \u201cpero por ser un a\u00f1o epidemiol\u00f3gico, se esperaban m\u00e1s casos positivos que los que se tienen, al momento el n\u00famero de los casos son bajos\u201d.<\/p>\n\n\n\n<p>A\u00f1adi\u00f3 que, de manera preventiva se han realizado diversas actividades para el control del mosquito que transmite el dengue, los cuales se replican constantemente por las familias por las colonias y comunidades.<\/p>\n\n\n\n<p><\/p>\n","protected":false},"excerpt":{"rendered":"<p>Por Enedino Hern\u00e1ndez\/Zunoticia Huejutla, Hgo.- Poco a poco avanza el n\u00famero de casos positivos de Dengue en esta zona de la huasteca, al momento seg\u00fan los datos oficiales se contabilizan en 130 casos positivos, de los cuales 60 son del municipio de Huejutla. En su momento, el jefe de la Jurisdicci\u00f3n Sanitaria en Huejutla de&hellip; <a class=\"more-link\" href=\"https:\/\/www.zunoticia.com\/noticias-de-hidalgo\/2024\/07\/24\/avanza-el-dengue-en-la-huasteca-130-casos-positivos-60-son-de-huejutla\/\">Seguir leyendo <span class=\"screen-reader-text\">Avanza el Dengue en la huasteca: 130 casos positivos, 60 son de Huejutla<\/span><\/a><\/p>\n","protected":false},"author":20,"featured_media":551262,"comment_status":"open","ping_status":"open","sticky":false,"template":"","format":"standard","meta":{"rop_custom_images_group":[],"rop_custom_messages_group":[],"rop_publish_now":"yes","rop_publish_now_accounts":{"facebook_10159540855086992_322828327761733":""},"rop_publish_now_history":[],"rop_publish_now_status":"pending","footnotes":""},"categories":[181],"tags":[121],"class_list":["post-551261","post","type-post","status-publish","format-standard","has-post-thumbnail","hentry","category-huejutla","tag-huejutla","entry"],"_links":{"self":[{"href":"https:\/\/www.zunoticia.com\/noticias-de-hidalgo\/wp-json\/wp\/v2\/posts\/551261","targetHints":{"allow":["GET"]}}],"collection":[{"href":"https:\/\/www.zunoticia.com\/noticias-de-hidalgo\/wp-json\/wp\/v2\/posts"}],"about":[{"href":"https:\/\/www.zunoticia.com\/noticias-de-hidalgo\/wp-json\/wp\/v2\/types\/post"}],"author":[{"embeddable":true,"href":"https:\/\/www.zunoticia.com\/noticias-de-hidalgo\/wp-json\/wp\/v2\/users\/20"}],"replies":[{"embeddable":true,"href":"https:\/\/www.zunoticia.com\/noticias-de-hidalgo\/wp-json\/wp\/v2\/comments?post=551261"}],"version-history":[{"count":1,"href":"https:\/\/www.zunoticia.com\/noticias-de-hidalgo\/wp-json\/wp\/v2\/posts\/551261\/revisions"}],"predecessor-version":[{"id":551263,"href":"https:\/\/www.zunoticia.com\/noticias-de-hidalgo\/wp-json\/wp\/v2\/posts\/551261\/revisions\/551263"}],"wp:featuredmedia":[{"embeddable":true,"href":"https:\/\/www.zunoticia.com\/noticias-de-hidalgo\/wp-json\/wp\/v2\/media\/551262"}],"wp:attachment":[{"href":"https:\/\/www.zunoticia.com\/noticias-de-hidalgo\/wp-json\/wp\/v2\/media?parent=551261"}],"wp:term":[{"taxonomy":"category","embeddable":true,"href":"https:\/\/www.zunoticia.com\/noticias-de-hidalgo\/wp-json\/wp\/v2\/categories?post=551261"},{"taxonomy":"post_tag","embeddable":true,"href":"https:\/\/www.zunoticia.com\/noticias-de-hidalgo\/wp-json\/wp\/v2\/tags?post=551261"}],"curies":[{"name":"wp","href":"https:\/\/api.w.org\/{rel}","templated":true}]}}