{"id":551388,"date":"2024-07-24T21:46:45","date_gmt":"2024-07-25T03:46:45","guid":{"rendered":"https:\/\/www.zunoticia.com\/noticias-de-hidalgo\/?p=551388"},"modified":"2024-07-24T21:46:49","modified_gmt":"2024-07-25T03:46:49","slug":"visorias-de-los-tordos-en-huejutla","status":"publish","type":"post","link":"https:\/\/www.zunoticia.com\/noticias-de-hidalgo\/2024\/07\/24\/visorias-de-los-tordos-en-huejutla\/","title":{"rendered":"Visorias de los Tordos en Huejutla"},"content":{"rendered":"<aside class=\"mashsb-container mashsb-main mashsb-stretched\"><div class=\"mashsb-box\"><div class=\"mashsb-count mash-large\" style=\"float:left\"><div class=\"counts mashsbcount\">43<\/div><span class=\"mashsb-sharetext\">SHARES<\/span><\/div><div class=\"mashsb-buttons\"><a class=\"mashicon-facebook mash-large mash-center mashsb-noshadow\" href=\"https:\/\/www.facebook.com\/sharer.php?u=https%3A%2F%2Fwww.zunoticia.com%2Fnoticias-de-hidalgo%2F2024%2F07%2F24%2Fvisorias-de-los-tordos-en-huejutla%2F\" target=\"_top\" rel=\"nofollow\"><span class=\"icon\"><\/span><span class=\"text\">Share<\/span><\/a><a class=\"mashicon-twitter mash-large mash-center mashsb-noshadow\" href=\"https:\/\/twitter.com\/intent\/tweet?text=&amp;url=https:\/\/www.zunoticia.com\/noticias-de-hidalgo\/2024\/07\/24\/visorias-de-los-tordos-en-huejutla\/\" target=\"_top\" rel=\"nofollow\"><span class=\"icon\"><\/span><span class=\"text\">Tweet<\/span><\/a><div class=\"onoffswitch2 mash-large mashsb-noshadow\" style=\"display:none\"><\/div><\/div>\n            <\/div>\n                <div style=\"clear:both\"><\/div><div class=\"mashsb-toggle-container\"><\/div><\/aside>\n            <!-- Share buttons by mashshare.net - Version: 4.0.47-->\n<p><em>Por Jos\u00e9 Luis Romero Ruiz\/Zunoticia<\/em><\/p>\n\n\n\n<p><strong>Tlanchinol, Hgo.-<\/strong> El Director T\u00e9cnico (DT), de los Tordos del Atl\u00e9tico Huejutla Jes\u00fas G\u00f3mez de la Cruz manifest\u00f3 que, el torneo de liga 2024 \u2013 2025 est\u00e1 a punto de arrancar, y se pretende realizar una visoria de jugadores de la regi\u00f3n en la cancha ARSA de Huejutla, Hidalgo.<\/p>\n\n\n\n<p>G\u00f3mez de la Cruz mencion\u00f3 que, continuar\u00e1n con la m\u00edstica del equipo de contar con jugadores de la regi\u00f3n, y eso le dar\u00eda m\u00e1s arraigo entre la afici\u00f3n de la Sierra y las Huastecas.<\/p>\n\n\n\n<p>\u201cEl viernes 26 de julio del presente a\u00f1o se llevar\u00e1 a cabo la visoria de jugadores (categor\u00edas: 2003, 2004, 2005, 2006 y 2007), de la regi\u00f3n; para formar parte del Atl\u00e9tico Huejutla que participar\u00e1 en el torneo de liga 2024 \u2013 2025 de la Tercera Divisi\u00f3n Profesional (TDP)\u201d, extern\u00f3.<\/p>\n\n\n\n<p>Jes\u00fas G\u00f3mez se\u00f1al\u00f3 que, el equipo de los Tordos del Atl\u00e9tico Huejutla participar\u00e1 en el torneo 2024 \u2013 2025 de la TDP en la cancha de pasto sint\u00e9tico de la unidad deportiva de Tlanchinol, Hidalgo.<\/p>\n\n\n\n<p>Para finalizar el DT refiri\u00f3 que, las visorias ser\u00e1n el viernes 26 de los corrientes, a las 10:00 horas en la cancha de pasto sint\u00e9tico de ARSA (atr\u00e1s de la Coca-Cola), y los jugadores categor\u00eda 2003, 2004, 2005, 2006 y 2007, deber\u00e1n vestir playera blanca, tenis, y llevar su respectiva agua.<\/p>\n","protected":false},"excerpt":{"rendered":"<p>Por Jos\u00e9 Luis Romero Ruiz\/Zunoticia Tlanchinol, Hgo.- El Director T\u00e9cnico (DT), de los Tordos del Atl\u00e9tico Huejutla Jes\u00fas G\u00f3mez de la Cruz manifest\u00f3 que, el torneo de liga 2024 \u2013 2025 est\u00e1 a punto de arrancar, y se pretende realizar una visoria de jugadores de la regi\u00f3n en la cancha ARSA de Huejutla, Hidalgo. G\u00f3mez&hellip; <a class=\"more-link\" href=\"https:\/\/www.zunoticia.com\/noticias-de-hidalgo\/2024\/07\/24\/visorias-de-los-tordos-en-huejutla\/\">Seguir leyendo <span class=\"screen-reader-text\">Visorias de los Tordos en Huejutla<\/span><\/a><\/p>\n","protected":false},"author":13,"featured_media":551381,"comment_status":"open","ping_status":"open","sticky":false,"template":"","format":"standard","meta":{"rop_custom_images_group":[],"rop_custom_messages_group":[],"rop_publish_now":"yes","rop_publish_now_accounts":{"facebook_10159540855086992_322828327761733":"#Huejutla #Tlanchinol | El Director T\u00e9cnico (DT), de los Tordos del Atl\u00e9tico Huejutla Jes\u00fas G\u00f3mez de la Cruz manifest\u00f3 que, el torneo de liga 2024 \u2013 2025 est\u00e1 a punto de arrancar."},"rop_publish_now_history":[],"rop_publish_now_status":"pending","footnotes":""},"categories":[181],"tags":[121],"class_list":["post-551388","post","type-post","status-publish","format-standard","has-post-thumbnail","hentry","category-huejutla","tag-huejutla","entry"],"_links":{"self":[{"href":"https:\/\/www.zunoticia.com\/noticias-de-hidalgo\/wp-json\/wp\/v2\/posts\/551388","targetHints":{"allow":["GET"]}}],"collection":[{"href":"https:\/\/www.zunoticia.com\/noticias-de-hidalgo\/wp-json\/wp\/v2\/posts"}],"about":[{"href":"https:\/\/www.zunoticia.com\/noticias-de-hidalgo\/wp-json\/wp\/v2\/types\/post"}],"author":[{"embeddable":true,"href":"https:\/\/www.zunoticia.com\/noticias-de-hidalgo\/wp-json\/wp\/v2\/users\/13"}],"replies":[{"embeddable":true,"href":"https:\/\/www.zunoticia.com\/noticias-de-hidalgo\/wp-json\/wp\/v2\/comments?post=551388"}],"version-history":[{"count":1,"href":"https:\/\/www.zunoticia.com\/noticias-de-hidalgo\/wp-json\/wp\/v2\/posts\/551388\/revisions"}],"predecessor-version":[{"id":551390,"href":"https:\/\/www.zunoticia.com\/noticias-de-hidalgo\/wp-json\/wp\/v2\/posts\/551388\/revisions\/551390"}],"wp:featuredmedia":[{"embeddable":true,"href":"https:\/\/www.zunoticia.com\/noticias-de-hidalgo\/wp-json\/wp\/v2\/media\/551381"}],"wp:attachment":[{"href":"https:\/\/www.zunoticia.com\/noticias-de-hidalgo\/wp-json\/wp\/v2\/media?parent=551388"}],"wp:term":[{"taxonomy":"category","embeddable":true,"href":"https:\/\/www.zunoticia.com\/noticias-de-hidalgo\/wp-json\/wp\/v2\/categories?post=551388"},{"taxonomy":"post_tag","embeddable":true,"href":"https:\/\/www.zunoticia.com\/noticias-de-hidalgo\/wp-json\/wp\/v2\/tags?post=551388"}],"curies":[{"name":"wp","href":"https:\/\/api.w.org\/{rel}","templated":true}]}}