{"id":552033,"date":"2024-07-29T12:18:01","date_gmt":"2024-07-29T18:18:01","guid":{"rendered":"https:\/\/www.zunoticia.com\/noticias-de-hidalgo\/?p=552033"},"modified":"2024-07-29T12:18:05","modified_gmt":"2024-07-29T18:18:05","slug":"ine-programa-recorrido-de-modulos-de-atencion-ciudadana-4","status":"publish","type":"post","link":"https:\/\/www.zunoticia.com\/noticias-de-hidalgo\/2024\/07\/29\/ine-programa-recorrido-de-modulos-de-atencion-ciudadana-4\/","title":{"rendered":"INE programa recorrido de M\u00f3dulos de Atenci\u00f3n Ciudadana"},"content":{"rendered":"<aside class=\"mashsb-container mashsb-main mashsb-stretched\"><div class=\"mashsb-box\"><div class=\"mashsb-count mash-large\" style=\"float:left\"><div class=\"counts mashsbcount\">12<\/div><span class=\"mashsb-sharetext\">SHARES<\/span><\/div><div class=\"mashsb-buttons\"><a class=\"mashicon-facebook mash-large mash-center mashsb-noshadow\" href=\"https:\/\/www.facebook.com\/sharer.php?u=https%3A%2F%2Fwww.zunoticia.com%2Fnoticias-de-hidalgo%2F2024%2F07%2F29%2Fine-programa-recorrido-de-modulos-de-atencion-ciudadana-4%2F\" target=\"_top\" rel=\"nofollow\"><span class=\"icon\"><\/span><span class=\"text\">Share<\/span><\/a><a class=\"mashicon-twitter mash-large mash-center mashsb-noshadow\" href=\"https:\/\/twitter.com\/intent\/tweet?text=&amp;url=https:\/\/www.zunoticia.com\/noticias-de-hidalgo\/2024\/07\/29\/ine-programa-recorrido-de-modulos-de-atencion-ciudadana-4\/\" target=\"_top\" rel=\"nofollow\"><span class=\"icon\"><\/span><span class=\"text\">Tweet<\/span><\/a><div class=\"onoffswitch2 mash-large mashsb-noshadow\" style=\"display:none\"><\/div><\/div>\n            <\/div>\n                <div style=\"clear:both\"><\/div><div class=\"mashsb-toggle-container\"><\/div><\/aside>\n            <!-- Share buttons by mashshare.net - Version: 4.0.47-->\n<p><em>Por Enedino Hern\u00e1ndez\/Zunoticia<\/em><\/p>\n\n\n\n<p><strong>Huejutla, Hgo<\/strong>.- El vocal del Registro Federal de Electores del INE en Huejutla, Vicente Rodr\u00edguez, dio a conocer de manera generalizada el recorrido que se tiene para la presente semana por parte de los M\u00f3dulos M\u00f3viles de Atenci\u00f3n Ciudadana, en donde los habitantes pueden tramitar la credencial de elector para votar.<\/p>\n\n\n\n<p>El M\u00f3dulo de Atenci\u00f3n Ciudadana 130152 este lunes 29 estar\u00eda en Zacatipa, Huautla; el martes 30 en Huautla; el mi\u00e9rcoles 31 de julio en Mecatl\u00e1n, Yahualica; el jueves 1 de agosto en Huitzotlaco, Atlapexco y el viernes 2 de agosto en Huazalingo.<\/p>\n\n\n\n<p>El M\u00f3dulo de Atenci\u00f3n Ciudadana 130153 este lunes 29 de julio estar\u00eda en Acahuasco, Tlanchinol; el martes 30 en Hualula, Eloxochitl\u00e1n; el mi\u00e9rcoles 31 de julio en San Lorenzo Itztacoyotla Ju\u00e1rez, Hidalgo; el jueves 1 de agosto en Santa Mar\u00eda Ju\u00e1rez, Hidalgo y el viernes 2 de agosto en Eloxochitl\u00e1n.<\/p>\n\n\n\n<p>A\u00f1adi\u00f3 que, son tres los documentos en original que se requieren a los ciudadanos para hacer un tr\u00e1mite de la credencial de elector para votar: acta de nacimiento, comprobante de domicilio y una identificaci\u00f3n oficial con fotograf\u00eda.<\/p>\n\n\n\n<p>Finalmente, y en cuanto al horario de atenci\u00f3n que se brinda en los M\u00f3dulos M\u00f3viles, es de 09:00 a las 16:00 horas, cuatro de la tarde; mientras que en el M\u00f3dulo Fijo Distrital en Huejutla se atiende de 08:00 a las 15:00 horas, tres de la tarde.<\/p>\n","protected":false},"excerpt":{"rendered":"<p>Por Enedino Hern\u00e1ndez\/Zunoticia Huejutla, Hgo.- El vocal del Registro Federal de Electores del INE en Huejutla, Vicente Rodr\u00edguez, dio a conocer de manera generalizada el recorrido que se tiene para la presente semana por parte de los M\u00f3dulos M\u00f3viles de Atenci\u00f3n Ciudadana, en donde los habitantes pueden tramitar la credencial de elector para votar. El&hellip; <a class=\"more-link\" href=\"https:\/\/www.zunoticia.com\/noticias-de-hidalgo\/2024\/07\/29\/ine-programa-recorrido-de-modulos-de-atencion-ciudadana-4\/\">Seguir leyendo <span class=\"screen-reader-text\">INE programa recorrido de M\u00f3dulos de Atenci\u00f3n Ciudadana<\/span><\/a><\/p>\n","protected":false},"author":20,"featured_media":552034,"comment_status":"open","ping_status":"open","sticky":false,"template":"","format":"standard","meta":{"rop_custom_images_group":[],"rop_custom_messages_group":[],"rop_publish_now":"yes","rop_publish_now_accounts":{"facebook_10159540855086992_322828327761733":""},"rop_publish_now_history":[],"rop_publish_now_status":"pending","footnotes":""},"categories":[181],"tags":[121],"class_list":["post-552033","post","type-post","status-publish","format-standard","has-post-thumbnail","hentry","category-huejutla","tag-huejutla","entry"],"_links":{"self":[{"href":"https:\/\/www.zunoticia.com\/noticias-de-hidalgo\/wp-json\/wp\/v2\/posts\/552033","targetHints":{"allow":["GET"]}}],"collection":[{"href":"https:\/\/www.zunoticia.com\/noticias-de-hidalgo\/wp-json\/wp\/v2\/posts"}],"about":[{"href":"https:\/\/www.zunoticia.com\/noticias-de-hidalgo\/wp-json\/wp\/v2\/types\/post"}],"author":[{"embeddable":true,"href":"https:\/\/www.zunoticia.com\/noticias-de-hidalgo\/wp-json\/wp\/v2\/users\/20"}],"replies":[{"embeddable":true,"href":"https:\/\/www.zunoticia.com\/noticias-de-hidalgo\/wp-json\/wp\/v2\/comments?post=552033"}],"version-history":[{"count":1,"href":"https:\/\/www.zunoticia.com\/noticias-de-hidalgo\/wp-json\/wp\/v2\/posts\/552033\/revisions"}],"predecessor-version":[{"id":552035,"href":"https:\/\/www.zunoticia.com\/noticias-de-hidalgo\/wp-json\/wp\/v2\/posts\/552033\/revisions\/552035"}],"wp:featuredmedia":[{"embeddable":true,"href":"https:\/\/www.zunoticia.com\/noticias-de-hidalgo\/wp-json\/wp\/v2\/media\/552034"}],"wp:attachment":[{"href":"https:\/\/www.zunoticia.com\/noticias-de-hidalgo\/wp-json\/wp\/v2\/media?parent=552033"}],"wp:term":[{"taxonomy":"category","embeddable":true,"href":"https:\/\/www.zunoticia.com\/noticias-de-hidalgo\/wp-json\/wp\/v2\/categories?post=552033"},{"taxonomy":"post_tag","embeddable":true,"href":"https:\/\/www.zunoticia.com\/noticias-de-hidalgo\/wp-json\/wp\/v2\/tags?post=552033"}],"curies":[{"name":"wp","href":"https:\/\/api.w.org\/{rel}","templated":true}]}}