{"id":552061,"date":"2024-07-29T16:54:07","date_gmt":"2024-07-29T22:54:07","guid":{"rendered":"https:\/\/www.zunoticia.com\/noticias-de-hidalgo\/?p=552061"},"modified":"2024-07-29T17:02:04","modified_gmt":"2024-07-29T23:02:04","slug":"inicia-el-taller-lengua-de-senas-mexicana","status":"publish","type":"post","link":"https:\/\/www.zunoticia.com\/noticias-de-hidalgo\/2024\/07\/29\/inicia-el-taller-lengua-de-senas-mexicana\/","title":{"rendered":"Inicia el taller \u2018Lengua de Se\u00f1as Mexicana\u2019"},"content":{"rendered":"<aside class=\"mashsb-container mashsb-main mashsb-stretched\"><div class=\"mashsb-box\"><div class=\"mashsb-count mash-large\" style=\"float:left\"><div class=\"counts mashsbcount\">0<\/div><span class=\"mashsb-sharetext\">SHARES<\/span><\/div><div class=\"mashsb-buttons\"><a class=\"mashicon-facebook mash-large mash-center mashsb-noshadow\" href=\"https:\/\/www.facebook.com\/sharer.php?u=https%3A%2F%2Fwww.zunoticia.com%2Fnoticias-de-hidalgo%2F2024%2F07%2F29%2Finicia-el-taller-lengua-de-senas-mexicana%2F\" target=\"_top\" rel=\"nofollow\"><span class=\"icon\"><\/span><span class=\"text\">Share<\/span><\/a><a class=\"mashicon-twitter mash-large mash-center mashsb-noshadow\" href=\"https:\/\/twitter.com\/intent\/tweet?text=&amp;url=https:\/\/www.zunoticia.com\/noticias-de-hidalgo\/2024\/07\/29\/inicia-el-taller-lengua-de-senas-mexicana\/\" target=\"_top\" rel=\"nofollow\"><span class=\"icon\"><\/span><span class=\"text\">Tweet<\/span><\/a><div class=\"onoffswitch2 mash-large mashsb-noshadow\" style=\"display:none\"><\/div><\/div>\n            <\/div>\n                <div style=\"clear:both\"><\/div><div class=\"mashsb-toggle-container\"><\/div><\/aside>\n            <!-- Share buttons by mashshare.net - Version: 4.0.47-->\n<p><em>Por Enedino Hern\u00e1ndez\/Zunoticia<\/em><\/p>\n\n\n\n<p><strong>Huejutla, Hgo<\/strong>.- El presidente municipal de Huejutla, Jos\u00e9 Pilar L\u00f3pez Espinoza, inaugur\u00f3 oficialmente durante la tarde del lunes, el taller de \u201cLengua de Se\u00f1as Mexicana\u201d que se imparte desde el lunes 29 de julio al viernes 2 de agosto, en las instalaciones de la Biblioteca P\u00fablica Municipal.<\/p>\n\n\n\n<p>El taller \u2018Lengua de Se\u00f1as Mexicana\u2019 est\u00e1 a cargo de personal especializado en la materia, de la cual la licenciada Leticia Vite Aquino es coordinadora del proyecto \u201cMis Manos Hablan Huejutla\u201d<\/p>\n\n\n\n<p>Un buen n\u00famero de j\u00f3venes estudiantes y poblaci\u00f3n en general acuden al taller que se imparte del 29 de julio al 2 de agosto, en turno vespertino de 14:00 a las 17:00 horas.<\/p>\n\n\n\n<p>El taller es completamente gratuito y dirigido a personas de 16 a\u00f1os en adelante; se imparte en las instalaciones de la Biblioteca \u2018Benito Pablo Ju\u00e1rez Garc\u00eda\u2019, en la zona del Mercado Municipal, de Huejutla de Reyes.<\/p>\n\n\n\n<p>En su momento, el presidente municipal de Huejutla, Jos\u00e9 Pilar L\u00f3pez Espinoza reconoci\u00f3 y agradeci\u00f3 el apoyo que se tiene de parte de estos j\u00f3venes profesionistas, quienes a trav\u00e9s del proyecto \u201cMis Manos Hablan Huejutla\u201d imparten el taller de Lengua de Se\u00f1as Mexicana.<\/p>\n\n\n\n<figure class=\"wp-block-gallery has-nested-images columns-default is-cropped wp-block-gallery-1 is-layout-flex wp-block-gallery-is-layout-flex\">\n<figure class=\"wp-block-image size-large\"><img fetchpriority=\"high\" decoding=\"async\" width=\"933\" height=\"524\" data-id=\"552064\" src=\"https:\/\/www.zunoticia.com\/noticias-de-hidalgo\/wp-content\/uploads\/2024\/07\/Zunoticia-Huejutla-3-51.png\" alt=\"\" class=\"wp-image-552064\"\/><\/figure>\n\n\n\n<figure class=\"wp-block-image size-large\"><img decoding=\"async\" width=\"933\" height=\"524\" data-id=\"552063\" src=\"https:\/\/www.zunoticia.com\/noticias-de-hidalgo\/wp-content\/uploads\/2024\/07\/Zunoticia-Huejutla-2-133.png\" alt=\"\" class=\"wp-image-552063\"\/><\/figure>\n<\/figure>\n","protected":false},"excerpt":{"rendered":"<p>Por Enedino Hern\u00e1ndez\/Zunoticia Huejutla, Hgo.- El presidente municipal de Huejutla, Jos\u00e9 Pilar L\u00f3pez Espinoza, inaugur\u00f3 oficialmente durante la tarde del lunes, el taller de \u201cLengua de Se\u00f1as Mexicana\u201d que se imparte desde el lunes 29 de julio al viernes 2 de agosto, en las instalaciones de la Biblioteca P\u00fablica Municipal. El taller \u2018Lengua de Se\u00f1as&hellip; <a class=\"more-link\" href=\"https:\/\/www.zunoticia.com\/noticias-de-hidalgo\/2024\/07\/29\/inicia-el-taller-lengua-de-senas-mexicana\/\">Seguir leyendo <span class=\"screen-reader-text\">Inicia el taller \u2018Lengua de Se\u00f1as Mexicana\u2019<\/span><\/a><\/p>\n","protected":false},"author":20,"featured_media":552062,"comment_status":"open","ping_status":"open","sticky":false,"template":"","format":"standard","meta":{"rop_custom_images_group":[],"rop_custom_messages_group":[],"rop_publish_now":"yes","rop_publish_now_accounts":{"facebook_10159540855086992_322828327761733":""},"rop_publish_now_history":[],"rop_publish_now_status":"pending","footnotes":""},"categories":[181],"tags":[121],"class_list":["post-552061","post","type-post","status-publish","format-standard","has-post-thumbnail","hentry","category-huejutla","tag-huejutla","entry"],"_links":{"self":[{"href":"https:\/\/www.zunoticia.com\/noticias-de-hidalgo\/wp-json\/wp\/v2\/posts\/552061","targetHints":{"allow":["GET"]}}],"collection":[{"href":"https:\/\/www.zunoticia.com\/noticias-de-hidalgo\/wp-json\/wp\/v2\/posts"}],"about":[{"href":"https:\/\/www.zunoticia.com\/noticias-de-hidalgo\/wp-json\/wp\/v2\/types\/post"}],"author":[{"embeddable":true,"href":"https:\/\/www.zunoticia.com\/noticias-de-hidalgo\/wp-json\/wp\/v2\/users\/20"}],"replies":[{"embeddable":true,"href":"https:\/\/www.zunoticia.com\/noticias-de-hidalgo\/wp-json\/wp\/v2\/comments?post=552061"}],"version-history":[{"count":1,"href":"https:\/\/www.zunoticia.com\/noticias-de-hidalgo\/wp-json\/wp\/v2\/posts\/552061\/revisions"}],"predecessor-version":[{"id":552065,"href":"https:\/\/www.zunoticia.com\/noticias-de-hidalgo\/wp-json\/wp\/v2\/posts\/552061\/revisions\/552065"}],"wp:featuredmedia":[{"embeddable":true,"href":"https:\/\/www.zunoticia.com\/noticias-de-hidalgo\/wp-json\/wp\/v2\/media\/552062"}],"wp:attachment":[{"href":"https:\/\/www.zunoticia.com\/noticias-de-hidalgo\/wp-json\/wp\/v2\/media?parent=552061"}],"wp:term":[{"taxonomy":"category","embeddable":true,"href":"https:\/\/www.zunoticia.com\/noticias-de-hidalgo\/wp-json\/wp\/v2\/categories?post=552061"},{"taxonomy":"post_tag","embeddable":true,"href":"https:\/\/www.zunoticia.com\/noticias-de-hidalgo\/wp-json\/wp\/v2\/tags?post=552061"}],"curies":[{"name":"wp","href":"https:\/\/api.w.org\/{rel}","templated":true}]}}