{"id":552734,"date":"2024-07-31T11:51:59","date_gmt":"2024-07-31T17:51:59","guid":{"rendered":"https:\/\/www.zunoticia.com\/noticias-de-hidalgo\/?p=552734"},"modified":"2024-07-31T11:52:02","modified_gmt":"2024-07-31T17:52:02","slug":"preparan-concurso-de-bandas-de-viento","status":"publish","type":"post","link":"https:\/\/www.zunoticia.com\/noticias-de-hidalgo\/2024\/07\/31\/preparan-concurso-de-bandas-de-viento\/","title":{"rendered":"Preparan Concurso de Bandas de Viento"},"content":{"rendered":"<aside class=\"mashsb-container mashsb-main mashsb-stretched\"><div class=\"mashsb-box\"><div class=\"mashsb-count mash-large\" style=\"float:left\"><div class=\"counts mashsbcount\">2<\/div><span class=\"mashsb-sharetext\">SHARES<\/span><\/div><div class=\"mashsb-buttons\"><a class=\"mashicon-facebook mash-large mash-center mashsb-noshadow\" href=\"https:\/\/www.facebook.com\/sharer.php?u=https%3A%2F%2Fwww.zunoticia.com%2Fnoticias-de-hidalgo%2F2024%2F07%2F31%2Fpreparan-concurso-de-bandas-de-viento%2F\" target=\"_top\" rel=\"nofollow\"><span class=\"icon\"><\/span><span class=\"text\">Share<\/span><\/a><a class=\"mashicon-twitter mash-large mash-center mashsb-noshadow\" href=\"https:\/\/twitter.com\/intent\/tweet?text=&amp;url=https:\/\/www.zunoticia.com\/noticias-de-hidalgo\/2024\/07\/31\/preparan-concurso-de-bandas-de-viento\/\" target=\"_top\" rel=\"nofollow\"><span class=\"icon\"><\/span><span class=\"text\">Tweet<\/span><\/a><div class=\"onoffswitch2 mash-large mashsb-noshadow\" style=\"display:none\"><\/div><\/div>\n            <\/div>\n                <div style=\"clear:both\"><\/div><div class=\"mashsb-toggle-container\"><\/div><\/aside>\n            <!-- Share buttons by mashshare.net - Version: 4.0.47-->\n<p><em>Por Enedino Hern\u00e1ndez\/Zunoticia<\/em><\/p>\n\n\n\n<p><strong>Huejutla, Hgo.-<\/strong> La directora de Turismo en Huejutla, Liliana Oviedo, confirm\u00f3 que todo se encuentra preparado para el Concurso de Bandas de Viento que se llevar\u00e1 a cabo durante los d\u00edas 16 y 17 de agosto de agosto, en la plaza 21 de Mayo, de esta ciudad de Huejutla.<\/p>\n\n\n\n<p>Explic\u00f3 que, de manera puntual, la presidencia municipal de Huejutla de Reyes y el \u00e1rea de Turismo emitieron la convocatoria para el Concurso de Bandas de Viento, en donde podr\u00e1n participar todas las bandas de la regi\u00f3n.<\/p>\n\n\n\n<p>Dijo que, el concurso se realizar\u00e1 en la plaza 21 de Mayo, el viernes 16 de agosto, a partir de las 17:00 horas ser\u00e1 el recorrido de las Bandas de viento desde la Plazuela Ju\u00e1rez al Centro Hist\u00f3rico; a las 18 horas inicia la primera etapa del concurso y el s\u00e1bado 17 de agosto a las 17:00 horas ser\u00e1 la gran final del concurso.<\/p>\n\n\n\n<p>Abund\u00f3 que, podr\u00e1n participar todas las bandas de viento de la regi\u00f3n, las inscripciones ya se realizan, son completamente gratuitas y se cierran tres horas antes del concurso.<\/p>\n\n\n\n<p>Los temas a interpretar son dos, uno tradicional y uno libre; los aspectos que se calificar\u00e1n son: instrumentaci\u00f3n, ritmo, cuadratura, entonaci\u00f3n, proyecci\u00f3n esc\u00e9nica y vestimenta tradicional.<\/p>\n\n\n\n<p>En cuanto a los Premios, se\u00f1al\u00f3 que, se entregar\u00e1 reconocimientos a todas las bandas participantes y premiaci\u00f3n en efectivo al Primer lugar 30,000 pesos, al Segundo lugar 15,000 pesos y al Tercer lugar 5,000 pesos.<\/p>\n\n\n\n<p>Liliana Oviedo, concluy\u00f3 que, los responsables de las Bandas de viento interesados en participar, pueden solicitar mayor informaci\u00f3n a los n\u00fameros telef\u00f3nicos 7713422435 y 7713491080.<\/p>\n\n\n\n<p><\/p>\n","protected":false},"excerpt":{"rendered":"<p>Por Enedino Hern\u00e1ndez\/Zunoticia Huejutla, Hgo.- La directora de Turismo en Huejutla, Liliana Oviedo, confirm\u00f3 que todo se encuentra preparado para el Concurso de Bandas de Viento que se llevar\u00e1 a cabo durante los d\u00edas 16 y 17 de agosto de agosto, en la plaza 21 de Mayo, de esta ciudad de Huejutla. Explic\u00f3 que, de&hellip; <a class=\"more-link\" href=\"https:\/\/www.zunoticia.com\/noticias-de-hidalgo\/2024\/07\/31\/preparan-concurso-de-bandas-de-viento\/\">Seguir leyendo <span class=\"screen-reader-text\">Preparan Concurso de Bandas de Viento<\/span><\/a><\/p>\n","protected":false},"author":20,"featured_media":552735,"comment_status":"open","ping_status":"open","sticky":false,"template":"","format":"standard","meta":{"rop_custom_images_group":[],"rop_custom_messages_group":[],"rop_publish_now":"yes","rop_publish_now_accounts":{"facebook_10159540855086992_322828327761733":""},"rop_publish_now_history":[],"rop_publish_now_status":"pending","footnotes":""},"categories":[181],"tags":[121],"class_list":["post-552734","post","type-post","status-publish","format-standard","has-post-thumbnail","hentry","category-huejutla","tag-huejutla","entry"],"_links":{"self":[{"href":"https:\/\/www.zunoticia.com\/noticias-de-hidalgo\/wp-json\/wp\/v2\/posts\/552734","targetHints":{"allow":["GET"]}}],"collection":[{"href":"https:\/\/www.zunoticia.com\/noticias-de-hidalgo\/wp-json\/wp\/v2\/posts"}],"about":[{"href":"https:\/\/www.zunoticia.com\/noticias-de-hidalgo\/wp-json\/wp\/v2\/types\/post"}],"author":[{"embeddable":true,"href":"https:\/\/www.zunoticia.com\/noticias-de-hidalgo\/wp-json\/wp\/v2\/users\/20"}],"replies":[{"embeddable":true,"href":"https:\/\/www.zunoticia.com\/noticias-de-hidalgo\/wp-json\/wp\/v2\/comments?post=552734"}],"version-history":[{"count":1,"href":"https:\/\/www.zunoticia.com\/noticias-de-hidalgo\/wp-json\/wp\/v2\/posts\/552734\/revisions"}],"predecessor-version":[{"id":552736,"href":"https:\/\/www.zunoticia.com\/noticias-de-hidalgo\/wp-json\/wp\/v2\/posts\/552734\/revisions\/552736"}],"wp:featuredmedia":[{"embeddable":true,"href":"https:\/\/www.zunoticia.com\/noticias-de-hidalgo\/wp-json\/wp\/v2\/media\/552735"}],"wp:attachment":[{"href":"https:\/\/www.zunoticia.com\/noticias-de-hidalgo\/wp-json\/wp\/v2\/media?parent=552734"}],"wp:term":[{"taxonomy":"category","embeddable":true,"href":"https:\/\/www.zunoticia.com\/noticias-de-hidalgo\/wp-json\/wp\/v2\/categories?post=552734"},{"taxonomy":"post_tag","embeddable":true,"href":"https:\/\/www.zunoticia.com\/noticias-de-hidalgo\/wp-json\/wp\/v2\/tags?post=552734"}],"curies":[{"name":"wp","href":"https:\/\/api.w.org\/{rel}","templated":true}]}}