{"id":552990,"date":"2024-07-31T22:46:35","date_gmt":"2024-08-01T04:46:35","guid":{"rendered":"https:\/\/www.zunoticia.com\/noticias-de-hidalgo\/?p=552990"},"modified":"2024-07-31T22:46:39","modified_gmt":"2024-08-01T04:46:39","slug":"carretera-federal-sin-dren-pluvial","status":"publish","type":"post","link":"https:\/\/www.zunoticia.com\/noticias-de-hidalgo\/2024\/07\/31\/carretera-federal-sin-dren-pluvial\/","title":{"rendered":"Carretera federal sin dren pluvial"},"content":{"rendered":"<aside class=\"mashsb-container mashsb-main mashsb-stretched\"><div class=\"mashsb-box\"><div class=\"mashsb-count mash-large\" style=\"float:left\"><div class=\"counts mashsbcount\">24<\/div><span class=\"mashsb-sharetext\">SHARES<\/span><\/div><div class=\"mashsb-buttons\"><a class=\"mashicon-facebook mash-large mash-center mashsb-noshadow\" href=\"https:\/\/www.facebook.com\/sharer.php?u=https%3A%2F%2Fwww.zunoticia.com%2Fnoticias-de-hidalgo%2F2024%2F07%2F31%2Fcarretera-federal-sin-dren-pluvial%2F\" target=\"_top\" rel=\"nofollow\"><span class=\"icon\"><\/span><span class=\"text\">Share<\/span><\/a><a class=\"mashicon-twitter mash-large mash-center mashsb-noshadow\" href=\"https:\/\/twitter.com\/intent\/tweet?text=&amp;url=https:\/\/www.zunoticia.com\/noticias-de-hidalgo\/2024\/07\/31\/carretera-federal-sin-dren-pluvial\/\" target=\"_top\" rel=\"nofollow\"><span class=\"icon\"><\/span><span class=\"text\">Tweet<\/span><\/a><div class=\"onoffswitch2 mash-large mashsb-noshadow\" style=\"display:none\"><\/div><\/div>\n            <\/div>\n                <div style=\"clear:both\"><\/div><div class=\"mashsb-toggle-container\"><\/div><\/aside>\n            <!-- Share buttons by mashshare.net - Version: 4.0.47-->\n<p><em>Por Jos\u00e9 Luis Romero Ruiz\/Zunoticia<\/em><\/p>\n\n\n\n<p><strong>Huejutla, Hgo.-<\/strong> El bulevar central no cuenta con dren pluvial, y los automovilistas que transitaron por la carretera federal M\u00e9xico-Tampico kil\u00f3metro 216 a la altura del Centro de Verificaci\u00f3n Vehicular No. 2 debieron avanzar bajando la velocidad, debido al mega charco y baches de dicha r\u00faa federal.<\/p>\n\n\n\n<p>El mi\u00e9rcoles 31 de los corrientes cay\u00f3 una intensa precipitaci\u00f3n pluvial y en cuesti\u00f3n de minutos se inund\u00f3 la ruta Tampico \u2013 Huejutla, frente al Centro de Verificaci\u00f3n Vehicular, y las peque\u00f1as alcantarillas fueron insuficientes, y el agua recorri\u00f3 desde el Centro Universitario Vasco de Quiroga (CUVAQ), hasta el lindero entre el estado de Hidalgo y Veracruz.<\/p>\n\n\n\n<p>La cantidad de agua que cubri\u00f3 la carretera federal fue tal; que los automovilistas debieron bajar la velocidad, e incluso varios autom\u00f3viles cayeron en el bache; mismo que no se pod\u00eda observar ya que estaba oculto entre el agua de la r\u00faa federal.<\/p>\n","protected":false},"excerpt":{"rendered":"<p>Por Jos\u00e9 Luis Romero Ruiz\/Zunoticia Huejutla, Hgo.- El bulevar central no cuenta con dren pluvial, y los automovilistas que transitaron por la carretera federal M\u00e9xico-Tampico kil\u00f3metro 216 a la altura del Centro de Verificaci\u00f3n Vehicular No. 2 debieron avanzar bajando la velocidad, debido al mega charco y baches de dicha r\u00faa federal. El mi\u00e9rcoles 31&hellip; <a class=\"more-link\" href=\"https:\/\/www.zunoticia.com\/noticias-de-hidalgo\/2024\/07\/31\/carretera-federal-sin-dren-pluvial\/\">Seguir leyendo <span class=\"screen-reader-text\">Carretera federal sin dren pluvial<\/span><\/a><\/p>\n","protected":false},"author":13,"featured_media":552973,"comment_status":"open","ping_status":"open","sticky":false,"template":"","format":"standard","meta":{"rop_custom_images_group":[],"rop_custom_messages_group":[],"rop_publish_now":"yes","rop_publish_now_accounts":{"facebook_10159540855086992_322828327761733":"#Huejutla | El bulevar central no cuenta con dren pluvial, y los automovilistas que transitaron por la carretera federal M\u00e9xico-Tampico kil\u00f3metro 216 a la altura del Centro de Verificaci\u00f3n Vehicular No. 2 debieron avanzar bajando la velocidad."},"rop_publish_now_history":[],"rop_publish_now_status":"pending","footnotes":""},"categories":[181],"tags":[121],"class_list":["post-552990","post","type-post","status-publish","format-standard","has-post-thumbnail","hentry","category-huejutla","tag-huejutla","entry"],"_links":{"self":[{"href":"https:\/\/www.zunoticia.com\/noticias-de-hidalgo\/wp-json\/wp\/v2\/posts\/552990","targetHints":{"allow":["GET"]}}],"collection":[{"href":"https:\/\/www.zunoticia.com\/noticias-de-hidalgo\/wp-json\/wp\/v2\/posts"}],"about":[{"href":"https:\/\/www.zunoticia.com\/noticias-de-hidalgo\/wp-json\/wp\/v2\/types\/post"}],"author":[{"embeddable":true,"href":"https:\/\/www.zunoticia.com\/noticias-de-hidalgo\/wp-json\/wp\/v2\/users\/13"}],"replies":[{"embeddable":true,"href":"https:\/\/www.zunoticia.com\/noticias-de-hidalgo\/wp-json\/wp\/v2\/comments?post=552990"}],"version-history":[{"count":1,"href":"https:\/\/www.zunoticia.com\/noticias-de-hidalgo\/wp-json\/wp\/v2\/posts\/552990\/revisions"}],"predecessor-version":[{"id":552994,"href":"https:\/\/www.zunoticia.com\/noticias-de-hidalgo\/wp-json\/wp\/v2\/posts\/552990\/revisions\/552994"}],"wp:featuredmedia":[{"embeddable":true,"href":"https:\/\/www.zunoticia.com\/noticias-de-hidalgo\/wp-json\/wp\/v2\/media\/552973"}],"wp:attachment":[{"href":"https:\/\/www.zunoticia.com\/noticias-de-hidalgo\/wp-json\/wp\/v2\/media?parent=552990"}],"wp:term":[{"taxonomy":"category","embeddable":true,"href":"https:\/\/www.zunoticia.com\/noticias-de-hidalgo\/wp-json\/wp\/v2\/categories?post=552990"},{"taxonomy":"post_tag","embeddable":true,"href":"https:\/\/www.zunoticia.com\/noticias-de-hidalgo\/wp-json\/wp\/v2\/tags?post=552990"}],"curies":[{"name":"wp","href":"https:\/\/api.w.org\/{rel}","templated":true}]}}