{"id":553386,"date":"2024-08-01T11:56:08","date_gmt":"2024-08-01T17:56:08","guid":{"rendered":"https:\/\/www.zunoticia.com\/noticias-de-hidalgo\/?p=553386"},"modified":"2024-08-01T11:56:12","modified_gmt":"2024-08-01T17:56:12","slug":"instalan-en-huejutla-el-comite-de-transicion","status":"publish","type":"post","link":"https:\/\/www.zunoticia.com\/noticias-de-hidalgo\/2024\/08\/01\/instalan-en-huejutla-el-comite-de-transicion\/","title":{"rendered":"Instalan en Huejutla el Comit\u00e9 de Transici\u00f3n"},"content":{"rendered":"<aside class=\"mashsb-container mashsb-main mashsb-stretched\"><div class=\"mashsb-box\"><div class=\"mashsb-count mash-large\" style=\"float:left\"><div class=\"counts mashsbcount\">2<\/div><span class=\"mashsb-sharetext\">SHARES<\/span><\/div><div class=\"mashsb-buttons\"><a class=\"mashicon-facebook mash-large mash-center mashsb-noshadow\" href=\"https:\/\/www.facebook.com\/sharer.php?u=https%3A%2F%2Fwww.zunoticia.com%2Fnoticias-de-hidalgo%2F2024%2F08%2F01%2Finstalan-en-huejutla-el-comite-de-transicion%2F\" target=\"_top\" rel=\"nofollow\"><span class=\"icon\"><\/span><span class=\"text\">Share<\/span><\/a><a class=\"mashicon-twitter mash-large mash-center mashsb-noshadow\" href=\"https:\/\/twitter.com\/intent\/tweet?text=&amp;url=https:\/\/www.zunoticia.com\/noticias-de-hidalgo\/2024\/08\/01\/instalan-en-huejutla-el-comite-de-transicion\/\" target=\"_top\" rel=\"nofollow\"><span class=\"icon\"><\/span><span class=\"text\">Tweet<\/span><\/a><div class=\"onoffswitch2 mash-large mashsb-noshadow\" style=\"display:none\"><\/div><\/div>\n            <\/div>\n                <div style=\"clear:both\"><\/div><div class=\"mashsb-toggle-container\"><\/div><\/aside>\n            <!-- Share buttons by mashshare.net - Version: 4.0.47-->\n<p><em>Por Enedino Hern\u00e1ndez\/Zunoticia<\/em><\/p>\n\n\n\n<p><strong>Huejutla, Hgo<\/strong>.- La ma\u00f1ana de este jueves 1 de agosto en la Sala de Cabildo de la presidencia municipal de Huejutla de Reyes, se llev\u00f3 a cabo la instalaci\u00f3n del Comit\u00e9 de Transici\u00f3n, ante la presencia del Comit\u00e9 saliente y Comit\u00e9 entrante.<\/p>\n\n\n\n<p>En la Sala de cabildo se concentraron los integrantes del Comit\u00e9 saliente encabezados por el alcalde, Jos\u00e9 Pilar L\u00f3pez Espinoza y el alcalde electo de Huejutla, Jos\u00e9 Alfredo San Rom\u00e1n Duval.<\/p>\n\n\n\n<p>La integraci\u00f3n del Comit\u00e9 de Transici\u00f3n es muy importante para el proceso, asegurar que la transici\u00f3n se realice de manera ordenada y efectiva.<\/p>\n\n\n\n<p>La instalaci\u00f3n del Comit\u00e9 de Transici\u00f3n en Huejutla se llev\u00f3 a cabo ante la presencia de las autoridades de la Auditor\u00eda Superior del Estado de Hidalgo (ASEH), con lo cual se cumple con este acto protocolario de la instalaci\u00f3n del Comit\u00e9.<\/p>\n\n\n\n<p>En su momento, el alcalde Jos\u00e9 Pilar L\u00f3pez Espinoza y el alcalde electo Jos\u00e9 Alfredo San Rom\u00e1n Duval coincidieron en se\u00f1alar que los respectivos equipos de trabajo se enfocar\u00e1n en realizar el trabajo correspondiente para que la transici\u00f3n transcurra dentro de la normalidad correspondiente.<\/p>\n\n\n\n<figure class=\"wp-block-gallery has-nested-images columns-default is-cropped wp-block-gallery-1 is-layout-flex wp-block-gallery-is-layout-flex\">\n<figure class=\"wp-block-image size-large\"><img fetchpriority=\"high\" decoding=\"async\" width=\"933\" height=\"524\" data-id=\"553388\" src=\"https:\/\/www.zunoticia.com\/noticias-de-hidalgo\/wp-content\/uploads\/2024\/08\/Zunoticia-Huejutla-2.png\" alt=\"\" class=\"wp-image-553388\"\/><\/figure>\n\n\n\n<figure class=\"wp-block-image size-large\"><img decoding=\"async\" width=\"933\" height=\"524\" data-id=\"553389\" src=\"https:\/\/www.zunoticia.com\/noticias-de-hidalgo\/wp-content\/uploads\/2024\/08\/Zunoticia-Huejutla-1.png\" alt=\"\" class=\"wp-image-553389\"\/><\/figure>\n<\/figure>\n","protected":false},"excerpt":{"rendered":"<p>Por Enedino Hern\u00e1ndez\/Zunoticia Huejutla, Hgo.- La ma\u00f1ana de este jueves 1 de agosto en la Sala de Cabildo de la presidencia municipal de Huejutla de Reyes, se llev\u00f3 a cabo la instalaci\u00f3n del Comit\u00e9 de Transici\u00f3n, ante la presencia del Comit\u00e9 saliente y Comit\u00e9 entrante. En la Sala de cabildo se concentraron los integrantes del&hellip; <a class=\"more-link\" href=\"https:\/\/www.zunoticia.com\/noticias-de-hidalgo\/2024\/08\/01\/instalan-en-huejutla-el-comite-de-transicion\/\">Seguir leyendo <span class=\"screen-reader-text\">Instalan en Huejutla el Comit\u00e9 de Transici\u00f3n<\/span><\/a><\/p>\n","protected":false},"author":20,"featured_media":553387,"comment_status":"open","ping_status":"open","sticky":false,"template":"","format":"standard","meta":{"rop_custom_images_group":[],"rop_custom_messages_group":[],"rop_publish_now":"yes","rop_publish_now_accounts":{"facebook_10159540855086992_322828327761733":""},"rop_publish_now_history":[],"rop_publish_now_status":"pending","footnotes":""},"categories":[181],"tags":[121],"class_list":["post-553386","post","type-post","status-publish","format-standard","has-post-thumbnail","hentry","category-huejutla","tag-huejutla","entry"],"_links":{"self":[{"href":"https:\/\/www.zunoticia.com\/noticias-de-hidalgo\/wp-json\/wp\/v2\/posts\/553386","targetHints":{"allow":["GET"]}}],"collection":[{"href":"https:\/\/www.zunoticia.com\/noticias-de-hidalgo\/wp-json\/wp\/v2\/posts"}],"about":[{"href":"https:\/\/www.zunoticia.com\/noticias-de-hidalgo\/wp-json\/wp\/v2\/types\/post"}],"author":[{"embeddable":true,"href":"https:\/\/www.zunoticia.com\/noticias-de-hidalgo\/wp-json\/wp\/v2\/users\/20"}],"replies":[{"embeddable":true,"href":"https:\/\/www.zunoticia.com\/noticias-de-hidalgo\/wp-json\/wp\/v2\/comments?post=553386"}],"version-history":[{"count":1,"href":"https:\/\/www.zunoticia.com\/noticias-de-hidalgo\/wp-json\/wp\/v2\/posts\/553386\/revisions"}],"predecessor-version":[{"id":553390,"href":"https:\/\/www.zunoticia.com\/noticias-de-hidalgo\/wp-json\/wp\/v2\/posts\/553386\/revisions\/553390"}],"wp:featuredmedia":[{"embeddable":true,"href":"https:\/\/www.zunoticia.com\/noticias-de-hidalgo\/wp-json\/wp\/v2\/media\/553387"}],"wp:attachment":[{"href":"https:\/\/www.zunoticia.com\/noticias-de-hidalgo\/wp-json\/wp\/v2\/media?parent=553386"}],"wp:term":[{"taxonomy":"category","embeddable":true,"href":"https:\/\/www.zunoticia.com\/noticias-de-hidalgo\/wp-json\/wp\/v2\/categories?post=553386"},{"taxonomy":"post_tag","embeddable":true,"href":"https:\/\/www.zunoticia.com\/noticias-de-hidalgo\/wp-json\/wp\/v2\/tags?post=553386"}],"curies":[{"name":"wp","href":"https:\/\/api.w.org\/{rel}","templated":true}]}}